{"id":128162,"date":"2026-09-03T08:47:05","date_gmt":"2026-09-03T06:47:05","guid":{"rendered":"https:\/\/www.bioecoactual.com\/?p=128162"},"modified":"2026-09-03T08:47:05","modified_gmt":"2026-09-03T06:47:05","slug":"una-bugada-mes-conscient-per-tornar-a-la-rutina-amb-ecotiras","status":"publish","type":"post","link":"https:\/\/www.bioecoactual.com\/ca\/2026\/09\/03\/una-bugada-mes-conscient-per-tornar-a-la-rutina-amb-ecotiras\/","title":{"rendered":"Una bugada m\u00e9s conscient per tornar a la rutina amb Ecotiras"},"content":{"rendered":"<p><span style=\"font-weight: 400;\">Despr\u00e9s d\u2019uns dies fora toca desfer les maletes, separar la roba, rentar banyadors i tovalloles, canviar els llen\u00e7ols i deixar-ho tot preparat per recuperar la rutina di\u00e0ria. Si, a m\u00e9s, hem rebut visites a casa, la muntanya de roba pot ser encara m\u00e9s gran.<\/span><\/p>\n<p><!--more--><\/p>\n<figure id=\"attachment_125962\" aria-describedby=\"caption-attachment-125962\" style=\"width: 1200px\" class=\"wp-caption aligncenter\"><img loading=\"lazy\" decoding=\"async\" class=\"wp-image-125962 size-full\" style=\"width: 100%; height: auto; display: block; border-radius: 28px; box-shadow: 0 18px 42px rgba(0,0,0,0.12); overflow: hidden;\" src=\"https:\/\/www.bioecoactual.com\/wp-content\/uploads\/2026\/08\/tovalloles.jpg\" alt=\"tovalloles\" width=\"1200\" height=\"800\" \/><figcaption id=\"caption-attachment-125962\" class=\"wp-caption-text\">123rf Limited\u00a9saskekun<\/figcaption><\/figure>\n<p><span style=\"font-weight: 400;\">Tot i que no sempre hi pensem, cada bugada implica consum d\u2019aigua i electricitat, detergents i els seus corresponents envasos. Per aix\u00f2, la tornada a la rutina pot ser un bon moment per revisar els nostres h\u00e0bits i <a href=\"https:\/\/www.bioecoactual.com\/ca\/2025\/03\/11\/com-fer-una-bugada-sostenible-alguns-consells-practics\/\" target=\"_blank\" rel=\"noopener\">fer la bugada de manera m\u00e9s conscient<\/a>.<\/span><\/p>\n<h2><span style=\"font-size: 14pt; font-family: georgia, palatino, serif;\"><strong>Petits gestos que marquen la difer\u00e8ncia<\/strong><\/span><\/h2>\n<div style=\"max-width: 940px; margin: 0 auto; font-family: Georgia, 'Times New Roman', serif; color: #26332d; line-height: 1.72; font-size: 18px;\">\n<section style=\"max-width: 860px; margin: 42px auto; padding: 0; font-family: Verdana, Geneva, sans-serif; color: #2d2d2d; line-height: 1.75;\">\n<div style=\"display: grid; grid-template-columns: repeat(3, minmax(0, 1fr)); gap: 18px; margin: 0 0 8px; align-items: stretch;\">\n<div style=\"padding: 26px 24px; border: 1px solid #ded9d2; border-radius: 24px; background: #ffffff; box-shadow: 0 10px 26px rgba(0,0,0,0.035); box-sizing: border-box; height: 100%;\">\n<div style=\"margin: 0 0 16px; font-family: Georgia, 'Times New Roman', serif; font-size: 30px; line-height: 1; color: #b7a18d;\">01<\/div>\n<p><strong style=\"display: block; margin: 0 0 8px; font-size: 16px; line-height: 1.4; color: #1f1f1f;\">Separar i triar el programa adequat<\/strong><\/p>\n<p style=\"margin: 0; color: #555; font-size: 15px; line-height: 1.65;\">Abans de posar en marxa la rentadora despr\u00e9s de les vacances, cal recordar que no tot s\u2019ha de rentar de la mateixa manera. Separar la roba per colors i teixits, consultar les etiquetes i triar el programa adequat pot ajudar-nos a evitar rentats innecessaris i a cuidar millor les nostres peces de roba.<\/p>\n<\/div>\n<div style=\"padding: 26px 24px; border: 1px solid #ded9d2; border-radius: 24px; background: #ffffff; box-shadow: 0 10px 26px rgba(0,0,0,0.035); box-sizing: border-box; height: 100%;\">\n<div style=\"margin: 0 0 16px; font-family: Georgia, 'Times New Roman', serif; font-size: 30px; line-height: 1; color: #b7a18d;\">02<\/div>\n<p><strong style=\"display: block; margin: 0 0 8px; font-size: 16px; line-height: 1.4; color: #1f1f1f;\">Aprofitar cada cicle<\/strong><\/p>\n<p style=\"margin: 0; color: #555; font-size: 15px; line-height: 1.65;\">Tamb\u00e9 \u00e9s important aprofitar la capacitat de la rentadora, sense sobrecarregar-la. Una m\u00e0quina plena, per\u00f2 amb prou espai perqu\u00e8 la roba es mogui b\u00e9, permet aprofitar millor cada cicle. Utilitzar temperatures baixes tamb\u00e9 ajuda a reduir el consum.<\/p>\n<\/div>\n<div style=\"padding: 26px 24px; border: 1px solid #ded9d2; border-radius: 24px; background: #ffffff; box-shadow: 0 10px 26px rgba(0,0,0,0.035); box-sizing: border-box; height: 100%;\">\n<div style=\"margin: 0 0 16px; font-family: Georgia, 'Times New Roman', serif; font-size: 30px; line-height: 1; color: #b7a18d;\">03<\/div>\n<p><strong style=\"display: block; margin: 0 0 8px; font-size: 16px; line-height: 1.4; color: #1f1f1f;\">Tractar les taques<\/strong><\/p>\n<p style=\"margin: 0; color: #555; font-size: 15px; line-height: 1.65;\">I hi ha un altre gest senzill: tractar les taques abans del rentatge pot ajudar a evitar haver de tornar a posar la roba a la rentadora si la brut\u00edcia no desapareix.<\/p>\n<\/div>\n<\/div>\n<\/section>\n<\/div>\n<h2><span style=\"font-size: 14pt; font-family: georgia, palatino, serif;\"><strong>Ecotiras, una alternativa al detergent convencional<\/strong><\/span><\/h2>\n<p><span style=\"font-weight: 400;\">Entre les opcions per fer la bugada m\u00e9s pr\u00e0ctica i sostenible trobem Ecotiras \u201cPer rentar\u201d. Es tracta de tires vegetals biodegradables que es poden utilitzar tant a m\u00e0 com a m\u00e0quina.<\/span><\/p>\n<p><span style=\"font-weight: 400;\">Cada tira cont\u00e9 detergent i suavitzant i aporta una fresca aroma natural. El seu format compacte en facilita el transport i permet prescindir de les ampolles de detergent l\u00edquid.<\/span><\/p>\n<figure id=\"attachment_125962\" aria-describedby=\"caption-attachment-125962\" style=\"width: 1200px\" class=\"wp-caption aligncenter\"><img loading=\"lazy\" decoding=\"async\" class=\"wp-image-125962 size-full\" style=\"width: 100%; height: auto; display: block; border-radius: 28px; box-shadow: 0 18px 42px rgba(0,0,0,0.12); overflow: hidden;\" src=\"https:\/\/www.bioecoactual.com\/wp-content\/uploads\/2026\/08\/ecotiras.jpg\" alt=\"ecotiras\" width=\"1200\" height=\"800\" \/><figcaption id=\"caption-attachment-125962\" class=\"wp-caption-text\">123rf Limited\u00a9milkos<\/figcaption><\/figure>\n<p><span style=\"font-weight: 400;\">Entre les seves caracter\u00edstiques destaquen la seva f\u00f3rmula ultraconcentrada, el seu car\u00e0cter biodegradable, l\u2019abs\u00e8ncia de f\u00f2sfor i fluorescents i la seva aptitud per a roba blanca i de color. A m\u00e9s, l\u2019env\u00e0s \u00e9s reciclable i no cont\u00e9 pl\u00e0stic.<\/span><\/p>\n<p><img loading=\"lazy\" decoding=\"async\" class=\" wp-image-98250 aligncenter\" src=\"https:\/\/www.bioecoactual.com\/wp-content\/uploads\/2024\/12\/ecotiras-detergente.jpg\" alt=\"Ecotiras\" width=\"522\" height=\"347\" srcset=\"https:\/\/www.bioecoactual.com\/wp-content\/uploads\/2024\/12\/ecotiras-detergente.jpg 1200w, https:\/\/www.bioecoactual.com\/wp-content\/uploads\/2024\/12\/ecotiras-detergente-768x511.jpg 768w, https:\/\/www.bioecoactual.com\/wp-content\/uploads\/2024\/12\/ecotiras-detergente-631x420.jpg 631w, https:\/\/www.bioecoactual.com\/wp-content\/uploads\/2024\/12\/ecotiras-detergente-696x463.jpg 696w, https:\/\/www.bioecoactual.com\/wp-content\/uploads\/2024\/12\/ecotiras-detergente-1068x711.jpg 1068w\" sizes=\"auto, (max-width: 522px) 100vw, 522px\" \/><\/p>\n<p><span style=\"font-weight: 400;\">Cada paquet cont\u00e9 20 ecotires per fer fins a 40 rentats. A m\u00e9s, \u00e9s apte per rentar roba de nadons i de dones embarassades, ja que la formulaci\u00f3 est\u00e0 pensada per a la cura de peces delicades.<\/span><\/p>\n<h2><strong><span style=\"font-family: georgia, palatino, serif; font-size: 14pt;\">Tornar a la rutina pot ser m\u00e9s sostenible<\/span><\/strong><\/h2>\n<p><span style=\"font-weight: 400;\">La bugada \u00e9s una de les moltes tasques que s\u2019acumulen abans de tornar a la rutina. Revisar la nevera i el rebost, organitzar les compres, ventilar la casa, canviar la roba de llit o recuperar a poc a poc els horaris habituals formen part del retorn.<\/span><\/p>\n<p><span style=\"font-weight: 400;\">Aquest pot ser un bon moment per aplicar el mateix criteri a totes aquestes tasques: comprar nom\u00e9s el que sigui necessari, aprofitar el que ja tenim i triar productes que generin menys residus quan hi hagi una alternativa adequada.<\/span><\/p>\n<h2><strong><span style=\"font-family: georgia, palatino, serif; font-size: 14pt;\">On trobar Ecotiras \u00abPer rentar\u00bb?<\/span><\/strong><\/h2>\n<p><span style=\"font-weight: 400;\">Les Ecotiras es poden trobar en botigues de diet\u00e8tica, herbolaris i establiments especialitzats en productes ecol\u00f2gics. A m\u00e9s, als punts de venda adherits \u00e9s possible sol\u00b7licitar una mostra gratu\u00efta per con\u00e8ixer el producte i provar-lo a casa.<\/span><\/p>\n<p><img loading=\"lazy\" decoding=\"async\" class=\"aligncenter wp-image-98228\" src=\"https:\/\/www.bioecoactual.com\/wp-content\/uploads\/2024\/12\/Logo-Ecotiras-300.png\" alt=\"\" width=\"222\" height=\"172\" \/><\/p>\n<ul>\n<li style=\"list-style-type: none;\">\n<ul>\n<li style=\"list-style-type: none;\">\n<ul>\n<li><strong>Descobreix-ne m\u00e9s a <a href=\"https:\/\/ecotiras.com\/\" target=\"_blank\" rel=\"noopener\">www.ecotiras.com<\/a><\/strong><\/li>\n<\/ul>\n<\/li>\n<\/ul>\n<\/li>\n<\/ul>\n<p><a href=\"https:\/\/www.bioecoactual.com\/ca\/subscripcio\/\" target=\"_blank\" rel=\"noopener noreferrer\"><strong>Subscriu-te<\/strong><\/a><strong> a la Newsletter i rep cada mes Bio Eco Actual gratis al teu correu<\/strong><\/p>\n<p><strong><em>Bio Eco Actual<\/em><\/strong>, <em>el teu mensual 100% ecol\u00f2gic<\/em><strong><br \/>\n<\/strong><a href=\"https:\/\/www.bioecoactual.com\/wp-content\/uploads\/2026\/08\/BioEcoActual_Setembre_2026.pdf\" target=\"_blank\" rel=\"noopener noreferrer\"><strong> Llegir Bio Eco Actual Setembre 2026<\/strong><\/a><\/p>\n<p><iframe style=\"border: none; width: 100%; height: 520px;\" src=\"\/\/e.issuu.com\/embed.html?d=bioecoactual_setembre_2026&amp;hideIssuuLogo=true&amp;showOtherPublicationsAsSuggestions=true&amp;u=bioecoactual\" allowfullscreen=\"allowfullscreen\"> <\/iframe><\/p>\n","protected":false},"excerpt":{"rendered":"<p>Despr&eacute;s d&rsquo;uns dies fora toca desfer les maletes, separar la roba, rentar banyadors i tovalloles, canviar els llen&ccedil;ols i deixar-ho tot preparat per recuperar la rutina di&agrave;ria. Si, a m&eacute;s, hem rebut visites a casa, la muntanya de roba pot ser encara m&eacute;s gran.<\/p>\n","protected":false},"author":592,"featured_media":128137,"comment_status":"closed","ping_status":"closed","sticky":false,"template":"","format":"standard","meta":{"footnotes":""},"categories":[7189],"tags":[],"class_list":["post-128162","post","type-post","status-publish","format-standard","has-post-thumbnail","category-neteja-ecologica"],"yoast_head":"<!-- This site is optimized with the Yoast SEO Premium plugin v28.4 (Yoast SEO v28.4) - https:\/\/yoast.com\/product\/yoast-seo-premium-wordpress\/ -->\n<title>Una bugada m\u00e9s conscient per tornar a la rutina amb Ecotiras - Bio Eco Actual<\/title>\n<meta name=\"description\" content=\"Com fer la bugada de manera m\u00e9s conscient, reduint el consum d\u2019aigua, electricitat, detergents i envasos en la tornada a la rutina.\" \/>\n<meta name=\"robots\" content=\"index, follow, max-snippet:-1, max-image-preview:large, max-video-preview:-1\" \/>\n<link rel=\"canonical\" href=\"https:\/\/www.bioecoactual.com\/ca\/2026\/09\/03\/una-bugada-mes-conscient-per-tornar-a-la-rutina-amb-ecotiras\/\" \/>\n<meta property=\"og:locale\" content=\"ca_ES\" \/>\n<meta property=\"og:type\" content=\"article\" \/>\n<meta property=\"og:title\" content=\"Una bugada m\u00e9s conscient per tornar a la rutina amb Ecotiras\" \/>\n<meta property=\"og:description\" content=\"Com fer la bugada de manera m\u00e9s conscient, reduint el consum d\u2019aigua, electricitat, detergents i envasos en la tornada a la rutina.\" \/>\n<meta property=\"og:url\" content=\"https:\/\/www.bioecoactual.com\/ca\/2026\/09\/03\/una-bugada-mes-conscient-per-tornar-a-la-rutina-amb-ecotiras\/\" \/>\n<meta property=\"og:site_name\" content=\"Bio Eco Actual\" \/>\n<meta property=\"article:publisher\" content=\"https:\/\/www.facebook.com\/BioEcoActual\/\" \/>\n<meta property=\"article:published_time\" content=\"2026-09-03T06:47:05+00:00\" \/>\n<meta property=\"og:image\" content=\"https:\/\/www.bioecoactual.com\/wp-content\/uploads\/2026\/08\/ecotiras.jpg\" \/>\n\t<meta property=\"og:image:width\" content=\"1200\" \/>\n\t<meta property=\"og:image:height\" content=\"800\" \/>\n\t<meta property=\"og:image:type\" content=\"image\/jpeg\" \/>\n<meta name=\"author\" content=\"Julia\" \/>\n<meta name=\"twitter:card\" content=\"summary_large_image\" \/>\n<meta name=\"twitter:creator\" content=\"@bioecoactual\" \/>\n<meta name=\"twitter:site\" content=\"@bioecoactual\" \/>\n<meta name=\"twitter:label1\" content=\"Written by\" \/>\n\t<meta name=\"twitter:data1\" content=\"Julia\" \/>\n\t<meta name=\"twitter:label2\" content=\"Est. reading time\" \/>\n\t<meta name=\"twitter:data2\" content=\"4 minutes\" \/>\n<script type=\"application\/ld+json\" class=\"yoast-schema-graph\">{\"@context\":\"https:\\\/\\\/schema.org\",\"@graph\":[{\"@type\":\"Article\",\"@id\":\"https:\\\/\\\/www.bioecoactual.com\\\/ca\\\/2026\\\/09\\\/03\\\/una-bugada-mes-conscient-per-tornar-a-la-rutina-amb-ecotiras\\\/#article\",\"isPartOf\":{\"@id\":\"https:\\\/\\\/www.bioecoactual.com\\\/ca\\\/2026\\\/09\\\/03\\\/una-bugada-mes-conscient-per-tornar-a-la-rutina-amb-ecotiras\\\/\"},\"author\":{\"name\":\"Julia\",\"@id\":\"https:\\\/\\\/www.bioecoactual.com\\\/ca\\\/#\\\/schema\\\/person\\\/1917425621d12045530837796be26ce4\"},\"headline\":\"Una bugada m\u00e9s conscient per tornar a la rutina amb Ecotiras\",\"datePublished\":\"2026-09-03T06:47:05+00:00\",\"mainEntityOfPage\":{\"@id\":\"https:\\\/\\\/www.bioecoactual.com\\\/ca\\\/2026\\\/09\\\/03\\\/una-bugada-mes-conscient-per-tornar-a-la-rutina-amb-ecotiras\\\/\"},\"wordCount\":609,\"publisher\":{\"@id\":\"https:\\\/\\\/www.bioecoactual.com\\\/ca\\\/#organization\"},\"image\":{\"@id\":\"https:\\\/\\\/www.bioecoactual.com\\\/ca\\\/2026\\\/09\\\/03\\\/una-bugada-mes-conscient-per-tornar-a-la-rutina-amb-ecotiras\\\/#primaryimage\"},\"thumbnailUrl\":\"https:\\\/\\\/www.bioecoactual.com\\\/wp-content\\\/uploads\\\/2026\\\/08\\\/ecotiras.jpg\",\"articleSection\":[\"Neteja Ecol\u00f2gica\"],\"inLanguage\":\"ca-ES\"},{\"@type\":\"WebPage\",\"@id\":\"https:\\\/\\\/www.bioecoactual.com\\\/ca\\\/2026\\\/09\\\/03\\\/una-bugada-mes-conscient-per-tornar-a-la-rutina-amb-ecotiras\\\/\",\"url\":\"https:\\\/\\\/www.bioecoactual.com\\\/ca\\\/2026\\\/09\\\/03\\\/una-bugada-mes-conscient-per-tornar-a-la-rutina-amb-ecotiras\\\/\",\"name\":\"Una bugada m\u00e9s conscient per tornar a la rutina amb Ecotiras - Bio Eco Actual\",\"isPartOf\":{\"@id\":\"https:\\\/\\\/www.bioecoactual.com\\\/ca\\\/#website\"},\"primaryImageOfPage\":{\"@id\":\"https:\\\/\\\/www.bioecoactual.com\\\/ca\\\/2026\\\/09\\\/03\\\/una-bugada-mes-conscient-per-tornar-a-la-rutina-amb-ecotiras\\\/#primaryimage\"},\"image\":{\"@id\":\"https:\\\/\\\/www.bioecoactual.com\\\/ca\\\/2026\\\/09\\\/03\\\/una-bugada-mes-conscient-per-tornar-a-la-rutina-amb-ecotiras\\\/#primaryimage\"},\"thumbnailUrl\":\"https:\\\/\\\/www.bioecoactual.com\\\/wp-content\\\/uploads\\\/2026\\\/08\\\/ecotiras.jpg\",\"datePublished\":\"2026-09-03T06:47:05+00:00\",\"description\":\"Com fer la bugada de manera m\u00e9s conscient, reduint el consum d\u2019aigua, electricitat, detergents i envasos en la tornada a la rutina.\",\"breadcrumb\":{\"@id\":\"https:\\\/\\\/www.bioecoactual.com\\\/ca\\\/2026\\\/09\\\/03\\\/una-bugada-mes-conscient-per-tornar-a-la-rutina-amb-ecotiras\\\/#breadcrumb\"},\"inLanguage\":\"ca-ES\",\"potentialAction\":[{\"@type\":\"ReadAction\",\"target\":[\"https:\\\/\\\/www.bioecoactual.com\\\/ca\\\/2026\\\/09\\\/03\\\/una-bugada-mes-conscient-per-tornar-a-la-rutina-amb-ecotiras\\\/\"]}]},{\"@type\":\"ImageObject\",\"inLanguage\":\"ca-ES\",\"@id\":\"https:\\\/\\\/www.bioecoactual.com\\\/ca\\\/2026\\\/09\\\/03\\\/una-bugada-mes-conscient-per-tornar-a-la-rutina-amb-ecotiras\\\/#primaryimage\",\"url\":\"https:\\\/\\\/www.bioecoactual.com\\\/wp-content\\\/uploads\\\/2026\\\/08\\\/ecotiras.jpg\",\"contentUrl\":\"https:\\\/\\\/www.bioecoactual.com\\\/wp-content\\\/uploads\\\/2026\\\/08\\\/ecotiras.jpg\",\"width\":1200,\"height\":800,\"caption\":\"milkos\"},{\"@type\":\"BreadcrumbList\",\"@id\":\"https:\\\/\\\/www.bioecoactual.com\\\/ca\\\/2026\\\/09\\\/03\\\/una-bugada-mes-conscient-per-tornar-a-la-rutina-amb-ecotiras\\\/#breadcrumb\",\"itemListElement\":[{\"@type\":\"ListItem\",\"position\":1,\"name\":\"Portada\",\"item\":\"https:\\\/\\\/www.bioecoactual.com\\\/ca\\\/\"},{\"@type\":\"ListItem\",\"position\":2,\"name\":\"Una bugada m\u00e9s conscient per tornar a la rutina amb Ecotiras\"}]},{\"@type\":\"WebSite\",\"@id\":\"https:\\\/\\\/www.bioecoactual.com\\\/ca\\\/#website\",\"url\":\"https:\\\/\\\/www.bioecoactual.com\\\/ca\\\/\",\"name\":\"Bio Eco Actual\",\"description\":\"Alimentaci\u00f3n Ecol\u00f3gica\",\"publisher\":{\"@id\":\"https:\\\/\\\/www.bioecoactual.com\\\/ca\\\/#organization\"},\"potentialAction\":[{\"@type\":\"SearchAction\",\"target\":{\"@type\":\"EntryPoint\",\"urlTemplate\":\"https:\\\/\\\/www.bioecoactual.com\\\/ca\\\/?s={search_term_string}\"},\"query-input\":{\"@type\":\"PropertyValueSpecification\",\"valueRequired\":true,\"valueName\":\"search_term_string\"}}],\"inLanguage\":\"ca-ES\"},{\"@type\":\"Organization\",\"@id\":\"https:\\\/\\\/www.bioecoactual.com\\\/ca\\\/#organization\",\"name\":\"Bio Eco Actual\",\"url\":\"https:\\\/\\\/www.bioecoactual.com\\\/ca\\\/\",\"logo\":{\"@type\":\"ImageObject\",\"inLanguage\":\"ca-ES\",\"@id\":\"https:\\\/\\\/www.bioecoactual.com\\\/ca\\\/#\\\/schema\\\/logo\\\/image\\\/\",\"url\":\"https:\\\/\\\/www.bioecoactual.com\\\/wp-content\\\/uploads\\\/2022\\\/01\\\/BIOECO_CUADRADO_LOGO.png\",\"contentUrl\":\"https:\\\/\\\/www.bioecoactual.com\\\/wp-content\\\/uploads\\\/2022\\\/01\\\/BIOECO_CUADRADO_LOGO.png\",\"width\":8192,\"height\":8192,\"caption\":\"Bio Eco Actual\"},\"image\":{\"@id\":\"https:\\\/\\\/www.bioecoactual.com\\\/ca\\\/#\\\/schema\\\/logo\\\/image\\\/\"},\"sameAs\":[\"https:\\\/\\\/www.facebook.com\\\/BioEcoActual\\\/\",\"https:\\\/\\\/x.com\\\/bioecoactual\",\"https:\\\/\\\/www.linkedin.com\\\/in\\\/bioecoactual\\\/\"]},{\"@type\":\"Person\",\"@id\":\"https:\\\/\\\/www.bioecoactual.com\\\/ca\\\/#\\\/schema\\\/person\\\/1917425621d12045530837796be26ce4\",\"name\":\"Julia\",\"image\":{\"@type\":\"ImageObject\",\"inLanguage\":\"ca-ES\",\"@id\":\"https:\\\/\\\/secure.gravatar.com\\\/avatar\\\/0ae7f1d9b7841d6bac72ee70f9533f6d815d98ebf40ef3a321812da63d66427d?s=96&d=mm&r=g\",\"url\":\"https:\\\/\\\/secure.gravatar.com\\\/avatar\\\/0ae7f1d9b7841d6bac72ee70f9533f6d815d98ebf40ef3a321812da63d66427d?s=96&d=mm&r=g\",\"contentUrl\":\"https:\\\/\\\/secure.gravatar.com\\\/avatar\\\/0ae7f1d9b7841d6bac72ee70f9533f6d815d98ebf40ef3a321812da63d66427d?s=96&d=mm&r=g\",\"caption\":\"Julia\"},\"url\":\"https:\\\/\\\/www.bioecoactual.com\\\/ca\\\/author\\\/julia\\\/\"}]}<\/script>\n<!-- \/ Yoast SEO Premium plugin. -->","yoast_head_json":{"title":"Una bugada m\u00e9s conscient per tornar a la rutina amb Ecotiras - Bio Eco Actual","description":"Com fer la bugada de manera m\u00e9s conscient, reduint el consum d\u2019aigua, electricitat, detergents i envasos en la tornada a la rutina.","robots":{"index":"index","follow":"follow","max-snippet":"max-snippet:-1","max-image-preview":"max-image-preview:large","max-video-preview":"max-video-preview:-1"},"canonical":"https:\/\/www.bioecoactual.com\/ca\/2026\/09\/03\/una-bugada-mes-conscient-per-tornar-a-la-rutina-amb-ecotiras\/","og_locale":"ca_ES","og_type":"article","og_title":"Una bugada m\u00e9s conscient per tornar a la rutina amb Ecotiras","og_description":"Com fer la bugada de manera m\u00e9s conscient, reduint el consum d\u2019aigua, electricitat, detergents i envasos en la tornada a la rutina.","og_url":"https:\/\/www.bioecoactual.com\/ca\/2026\/09\/03\/una-bugada-mes-conscient-per-tornar-a-la-rutina-amb-ecotiras\/","og_site_name":"Bio Eco Actual","article_publisher":"https:\/\/www.facebook.com\/BioEcoActual\/","article_published_time":"2026-09-03T06:47:05+00:00","og_image":[{"width":1200,"height":800,"url":"https:\/\/www.bioecoactual.com\/wp-content\/uploads\/2026\/08\/ecotiras.jpg","type":"image\/jpeg"}],"author":"Julia","twitter_card":"summary_large_image","twitter_creator":"@bioecoactual","twitter_site":"@bioecoactual","twitter_misc":{"Written by":"Julia","Est. reading time":"4 minutes"},"schema":{"@context":"https:\/\/schema.org","@graph":[{"@type":"Article","@id":"https:\/\/www.bioecoactual.com\/ca\/2026\/09\/03\/una-bugada-mes-conscient-per-tornar-a-la-rutina-amb-ecotiras\/#article","isPartOf":{"@id":"https:\/\/www.bioecoactual.com\/ca\/2026\/09\/03\/una-bugada-mes-conscient-per-tornar-a-la-rutina-amb-ecotiras\/"},"author":{"name":"Julia","@id":"https:\/\/www.bioecoactual.com\/ca\/#\/schema\/person\/1917425621d12045530837796be26ce4"},"headline":"Una bugada m\u00e9s conscient per tornar a la rutina amb Ecotiras","datePublished":"2026-09-03T06:47:05+00:00","mainEntityOfPage":{"@id":"https:\/\/www.bioecoactual.com\/ca\/2026\/09\/03\/una-bugada-mes-conscient-per-tornar-a-la-rutina-amb-ecotiras\/"},"wordCount":609,"publisher":{"@id":"https:\/\/www.bioecoactual.com\/ca\/#organization"},"image":{"@id":"https:\/\/www.bioecoactual.com\/ca\/2026\/09\/03\/una-bugada-mes-conscient-per-tornar-a-la-rutina-amb-ecotiras\/#primaryimage"},"thumbnailUrl":"https:\/\/www.bioecoactual.com\/wp-content\/uploads\/2026\/08\/ecotiras.jpg","articleSection":["Neteja Ecol\u00f2gica"],"inLanguage":"ca-ES"},{"@type":"WebPage","@id":"https:\/\/www.bioecoactual.com\/ca\/2026\/09\/03\/una-bugada-mes-conscient-per-tornar-a-la-rutina-amb-ecotiras\/","url":"https:\/\/www.bioecoactual.com\/ca\/2026\/09\/03\/una-bugada-mes-conscient-per-tornar-a-la-rutina-amb-ecotiras\/","name":"Una bugada m\u00e9s conscient per tornar a la rutina amb Ecotiras - Bio Eco Actual","isPartOf":{"@id":"https:\/\/www.bioecoactual.com\/ca\/#website"},"primaryImageOfPage":{"@id":"https:\/\/www.bioecoactual.com\/ca\/2026\/09\/03\/una-bugada-mes-conscient-per-tornar-a-la-rutina-amb-ecotiras\/#primaryimage"},"image":{"@id":"https:\/\/www.bioecoactual.com\/ca\/2026\/09\/03\/una-bugada-mes-conscient-per-tornar-a-la-rutina-amb-ecotiras\/#primaryimage"},"thumbnailUrl":"https:\/\/www.bioecoactual.com\/wp-content\/uploads\/2026\/08\/ecotiras.jpg","datePublished":"2026-09-03T06:47:05+00:00","description":"Com fer la bugada de manera m\u00e9s conscient, reduint el consum d\u2019aigua, electricitat, detergents i envasos en la tornada a la rutina.","breadcrumb":{"@id":"https:\/\/www.bioecoactual.com\/ca\/2026\/09\/03\/una-bugada-mes-conscient-per-tornar-a-la-rutina-amb-ecotiras\/#breadcrumb"},"inLanguage":"ca-ES","potentialAction":[{"@type":"ReadAction","target":["https:\/\/www.bioecoactual.com\/ca\/2026\/09\/03\/una-bugada-mes-conscient-per-tornar-a-la-rutina-amb-ecotiras\/"]}]},{"@type":"ImageObject","inLanguage":"ca-ES","@id":"https:\/\/www.bioecoactual.com\/ca\/2026\/09\/03\/una-bugada-mes-conscient-per-tornar-a-la-rutina-amb-ecotiras\/#primaryimage","url":"https:\/\/www.bioecoactual.com\/wp-content\/uploads\/2026\/08\/ecotiras.jpg","contentUrl":"https:\/\/www.bioecoactual.com\/wp-content\/uploads\/2026\/08\/ecotiras.jpg","width":1200,"height":800,"caption":"milkos"},{"@type":"BreadcrumbList","@id":"https:\/\/www.bioecoactual.com\/ca\/2026\/09\/03\/una-bugada-mes-conscient-per-tornar-a-la-rutina-amb-ecotiras\/#breadcrumb","itemListElement":[{"@type":"ListItem","position":1,"name":"Portada","item":"https:\/\/www.bioecoactual.com\/ca\/"},{"@type":"ListItem","position":2,"name":"Una bugada m\u00e9s conscient per tornar a la rutina amb Ecotiras"}]},{"@type":"WebSite","@id":"https:\/\/www.bioecoactual.com\/ca\/#website","url":"https:\/\/www.bioecoactual.com\/ca\/","name":"Bio Eco Actual","description":"Alimentaci\u00f3n Ecol\u00f3gica","publisher":{"@id":"https:\/\/www.bioecoactual.com\/ca\/#organization"},"potentialAction":[{"@type":"SearchAction","target":{"@type":"EntryPoint","urlTemplate":"https:\/\/www.bioecoactual.com\/ca\/?s={search_term_string}"},"query-input":{"@type":"PropertyValueSpecification","valueRequired":true,"valueName":"search_term_string"}}],"inLanguage":"ca-ES"},{"@type":"Organization","@id":"https:\/\/www.bioecoactual.com\/ca\/#organization","name":"Bio Eco Actual","url":"https:\/\/www.bioecoactual.com\/ca\/","logo":{"@type":"ImageObject","inLanguage":"ca-ES","@id":"https:\/\/www.bioecoactual.com\/ca\/#\/schema\/logo\/image\/","url":"https:\/\/www.bioecoactual.com\/wp-content\/uploads\/2022\/01\/BIOECO_CUADRADO_LOGO.png","contentUrl":"https:\/\/www.bioecoactual.com\/wp-content\/uploads\/2022\/01\/BIOECO_CUADRADO_LOGO.png","width":8192,"height":8192,"caption":"Bio Eco Actual"},"image":{"@id":"https:\/\/www.bioecoactual.com\/ca\/#\/schema\/logo\/image\/"},"sameAs":["https:\/\/www.facebook.com\/BioEcoActual\/","https:\/\/x.com\/bioecoactual","https:\/\/www.linkedin.com\/in\/bioecoactual\/"]},{"@type":"Person","@id":"https:\/\/www.bioecoactual.com\/ca\/#\/schema\/person\/1917425621d12045530837796be26ce4","name":"Julia","image":{"@type":"ImageObject","inLanguage":"ca-ES","@id":"https:\/\/secure.gravatar.com\/avatar\/0ae7f1d9b7841d6bac72ee70f9533f6d815d98ebf40ef3a321812da63d66427d?s=96&d=mm&r=g","url":"https:\/\/secure.gravatar.com\/avatar\/0ae7f1d9b7841d6bac72ee70f9533f6d815d98ebf40ef3a321812da63d66427d?s=96&d=mm&r=g","contentUrl":"https:\/\/secure.gravatar.com\/avatar\/0ae7f1d9b7841d6bac72ee70f9533f6d815d98ebf40ef3a321812da63d66427d?s=96&d=mm&r=g","caption":"Julia"},"url":"https:\/\/www.bioecoactual.com\/ca\/author\/julia\/"}]}},"_links":{"self":[{"href":"https:\/\/www.bioecoactual.com\/ca\/wp-json\/wp\/v2\/posts\/128162","targetHints":{"allow":["GET"]}}],"collection":[{"href":"https:\/\/www.bioecoactual.com\/ca\/wp-json\/wp\/v2\/posts"}],"about":[{"href":"https:\/\/www.bioecoactual.com\/ca\/wp-json\/wp\/v2\/types\/post"}],"author":[{"embeddable":true,"href":"https:\/\/www.bioecoactual.com\/ca\/wp-json\/wp\/v2\/users\/592"}],"replies":[{"embeddable":true,"href":"https:\/\/www.bioecoactual.com\/ca\/wp-json\/wp\/v2\/comments?post=128162"}],"version-history":[{"count":3,"href":"https:\/\/www.bioecoactual.com\/ca\/wp-json\/wp\/v2\/posts\/128162\/revisions"}],"predecessor-version":[{"id":128542,"href":"https:\/\/www.bioecoactual.com\/ca\/wp-json\/wp\/v2\/posts\/128162\/revisions\/128542"}],"wp:featuredmedia":[{"embeddable":true,"href":"https:\/\/www.bioecoactual.com\/ca\/wp-json\/wp\/v2\/media\/128137"}],"wp:attachment":[{"href":"https:\/\/www.bioecoactual.com\/ca\/wp-json\/wp\/v2\/media?parent=128162"}],"wp:term":[{"taxonomy":"category","embeddable":true,"href":"https:\/\/www.bioecoactual.com\/ca\/wp-json\/wp\/v2\/categories?post=128162"},{"taxonomy":"post_tag","embeddable":true,"href":"https:\/\/www.bioecoactual.com\/ca\/wp-json\/wp\/v2\/tags?post=128162"}],"curies":[{"name":"wp","href":"https:\/\/api.w.org\/{rel}","templated":true}]}}