{"id":128265,"date":"2026-09-02T09:11:31","date_gmt":"2026-09-02T07:11:31","guid":{"rendered":"https:\/\/www.bioecoactual.com\/?p=128265"},"modified":"2026-09-02T09:11:31","modified_gmt":"2026-09-02T07:11:31","slug":"comerc-just-resiliencia-sostenibilitat-global","status":"publish","type":"post","link":"https:\/\/www.bioecoactual.com\/ca\/2026\/09\/02\/comerc-just-resiliencia-sostenibilitat-global\/","title":{"rendered":"El Comer\u00e7 Just com a pilar de resili\u00e8ncia i sostenibilitat global"},"content":{"rendered":"<p style=\"margin: 0 0 18px 0;\">La sostenibilitat agr\u00edcola s\u2019ha convertit en un factor estrat\u00e8gic obligatori per a les empreses europees a causa de la converg\u00e8ncia de la crisi clim\u00e0tica, la volatilitat financera i un marc regulador de la Uni\u00f3 Europea cada vegada m\u00e9s estricte. Les cadenes de subministrament globals ja no poden considerar el comprom\u00eds ambiental i social com una opci\u00f3 volunt\u00e0ria, sin\u00f3 com un requisit indispensable per a la continu\u00eftat del negoci i l\u2019acc\u00e9s al mercat.<\/p>\n<p><!--more--><\/p>\n<figure id=\"attachment_125962\" aria-describedby=\"caption-attachment-125962\" style=\"width: 1200px\" class=\"wp-caption aligncenter\"><img loading=\"lazy\" decoding=\"async\" class=\"wp-image-125962 size-full\" style=\"width: 100%; height: auto; display: block; border-radius: 28px; box-shadow: 0 18px 42px rgba(0,0,0,0.12); overflow: hidden;\" src=\"https:\/\/www.bioecoactual.com\/wp-content\/uploads\/2026\/08\/Fairtrade-Iberica.jpg\" alt=\"\" width=\"1200\" height=\"798\" \/><figcaption id=\"caption-attachment-125962\" class=\"wp-caption-text\">Fotografia cedida per Fairtrade Ib\u00e9rica.<\/figcaption><\/figure>\n<p style=\"margin: 0 0 18px 0;\">La distribuci\u00f3 del valor i del risc en el comer\u00e7 internacional \u00e9s profundament desigual, fet que condemna els petits agricultors del Sud global a una situaci\u00f3 d\u2019extrema vulnerabilitat econ\u00f2mica. Tot i que connecten di\u00e0riament milions de consumidors amb productes b\u00e0sics com el caf\u00e8, el cacau o el sucre, els ingressos que perceben solen ser insuficients per cobrir els costos m\u00ednims d\u2019una producci\u00f3 sostenible i fer front a les oscil\u00b7lacions dels preus del mercat.<\/p>\n<p style=\"margin: 0 0 18px 0;\">Les cadenes de subministrament agr\u00edcoles afronten una transformaci\u00f3 radical a causa de la crisi clim\u00e0tica, la volatilitat dels mercats i l\u2019enduriment regulador de la Uni\u00f3 Europea (CSRD, CSDDD, EUDR). Aquesta realitat ha convertit la sostenibilitat, abans un comprom\u00eds voluntari, en una obligaci\u00f3 estrat\u00e8gica i legal per a les empreses d\u2019Espanya i Portugal.<\/p>\n<p style=\"margin: 0 0 18px 0;\"><span style=\"background-color: #ffffff;\">Fairtrade Ib\u00e9rica actua com un connector estrat\u00e8gic entre petits agricultors del Sud global i el mercat ib\u00e8ric, implementant un model de <a style=\"background-color: #ffffff;\" href=\"https:\/\/www.bioecoactual.com\/2026\/05\/08\/40-anos-promoviendo-un-modelo-comercial-y-de-consumo-mas-justo-y-sostenible\/\">comer\u00e7 just<\/a> basat en el Preu M\u00ednim i la Prima Fairtrade per assegurar la viabilitat econ\u00f2mica i social. Amb la certificaci\u00f3 independent de FLOCERT, l\u2019organitzaci\u00f3 facilita el compliment de les noves regulacions europees, com la CSDDD i l\u2019EUDR, garantint la tra\u00e7abilitat i la sostenibilitat en les cadenes de subministrament. El model Fairtrade es consolida aix\u00ed com una eina indispensable tant per a la just\u00edcia social en origen com per a la mitigaci\u00f3 de riscos reguladors en les empreses europees.<\/span><\/p>\n<div style=\"background: #ffffff; border-top: 3px solid #e5aa14; border-bottom: 3px solid #e5aa14; padding: 24px 0; margin: 34px 0;\">\n<p style=\"font-family: Georgia, 'Times New Roman', serif; font-size: 28px; line-height: 1.35; margin: 0; color: #111111; font-weight: bold;\">Les cadenes de subministrament agr\u00edcoles afronten una transformaci\u00f3 radical a causa de la crisi clim\u00e0tica, la volatilitat dels mercats i l\u2019enduriment regulador de la Uni\u00f3 Europea (CSRD, CSDDD, EUDR).<\/p>\n<\/div>\n<p style=\"margin: 0 0 18px 0;\">Fairtrade evoluciona d\u2019un segell de certificaci\u00f3 a una plataforma integral de transformaci\u00f3 social i ambiental. Aquest full de ruta internacional reconfigura les prioritats globals per abordar de manera directa les causes estructurals de la pobresa rural i la vulnerabilitat en origen, dotant les cooperatives agr\u00edcoles de les eines necess\u00e0ries per resistir les crisis clim\u00e0tiques i financeres del mercat contemporani.<\/p>\n<p style=\"margin: 0 0 18px 0;\">Triar productes amb el Segell Fairtrade implica apostar per un model econ\u00f2mic global basat en la dignitat, la transpar\u00e8ncia i el respecte pel planeta.<\/p>\n<p style=\"margin: 34px 0 18px 0;\"><strong>Autor: <\/strong>\u00c1lvaro Goicoechea, Director de Fairtrade Ib\u00e9rica.<\/p>\n<p><a href=\"https:\/\/www.bioecoactual.com\/ca\/subscripcio\/\" target=\"_blank\" rel=\"noopener noreferrer\"><strong>Subscriu-te<\/strong><\/a><strong> a la Newsletter i rep cada mes Bio Eco Actual gratis al teu correu<\/strong><\/p>\n<p><strong><em>Bio Eco Actual<\/em><\/strong>, <em>el teu mensual 100% ecol\u00f2gic<\/em><strong><br \/>\n<\/strong><a href=\"https:\/\/www.bioecoactual.com\/wp-content\/uploads\/2026\/08\/BioEcoActual_Setembre_2026.pdf\" target=\"_blank\" rel=\"noopener noreferrer\"><strong> Llegir Bio Eco Actual Setembre 2026<\/strong><\/a><\/p>\n<p><iframe style=\"border: none; width: 100%; height: 520px;\" src=\"\/\/e.issuu.com\/embed.html?d=bioecoactual_setembre_2026&amp;hideIssuuLogo=true&amp;showOtherPublicationsAsSuggestions=true&amp;u=bioecoactual\" allowfullscreen=\"allowfullscreen\"> <\/iframe><\/p>\n","protected":false},"excerpt":{"rendered":"<p>La sostenibilitat agr&iacute;cola s&rsquo;ha convertit en un factor estrat&egrave;gic obligatori per a les empreses europees a causa de la converg&egrave;ncia de la crisi clim&agrave;tica, la volatilitat financera i un marc regulador de la Uni&oacute; Europea cada vegada m&eacute;s estricte. Les cadenes de subministrament globals ja no poden considerar el comprom&iacute;s ambiental i social com una [&hellip;]<\/p>\n","protected":false},"author":592,"featured_media":128261,"comment_status":"closed","ping_status":"closed","sticky":false,"template":"","format":"standard","meta":{"footnotes":""},"categories":[7172],"tags":[],"class_list":["post-128265","post","type-post","status-publish","format-standard","has-post-thumbnail","category-comerc-just"],"yoast_head":"<!-- This site is optimized with the Yoast SEO Premium plugin v28.4 (Yoast SEO v28.4) - https:\/\/yoast.com\/product\/yoast-seo-premium-wordpress\/ -->\n<title>El Comer\u00e7 Just com a pilar de resili\u00e8ncia i sostenibilitat global - Bio Eco Actual<\/title>\n<meta name=\"description\" content=\"Les cadenes de subministrament que no integrin criteris ambientals i socials posen en risc el seu negoci i el seu acc\u00e9s al mercat.\" \/>\n<meta name=\"robots\" content=\"index, follow, max-snippet:-1, max-image-preview:large, max-video-preview:-1\" \/>\n<link rel=\"canonical\" href=\"https:\/\/www.bioecoactual.com\/ca\/2026\/09\/02\/comerc-just-resiliencia-sostenibilitat-global\/\" \/>\n<meta property=\"og:locale\" content=\"ca_ES\" \/>\n<meta property=\"og:type\" content=\"article\" \/>\n<meta property=\"og:title\" content=\"El Comer\u00e7 Just com a pilar de resili\u00e8ncia i sostenibilitat global\" \/>\n<meta property=\"og:description\" content=\"Les cadenes de subministrament que no integrin criteris ambientals i socials posen en risc el seu negoci i el seu acc\u00e9s al mercat.\" \/>\n<meta property=\"og:url\" content=\"https:\/\/www.bioecoactual.com\/ca\/2026\/09\/02\/comerc-just-resiliencia-sostenibilitat-global\/\" \/>\n<meta property=\"og:site_name\" content=\"Bio Eco Actual\" \/>\n<meta property=\"article:publisher\" content=\"https:\/\/www.facebook.com\/BioEcoActual\/\" \/>\n<meta property=\"article:published_time\" content=\"2026-09-02T07:11:31+00:00\" \/>\n<meta property=\"og:image\" content=\"https:\/\/www.bioecoactual.com\/wp-content\/uploads\/2026\/08\/Fairtrade-Iberica.jpg\" \/>\n\t<meta property=\"og:image:width\" content=\"1200\" \/>\n\t<meta property=\"og:image:height\" content=\"798\" \/>\n\t<meta property=\"og:image:type\" content=\"image\/jpeg\" \/>\n<meta name=\"author\" content=\"Julia\" \/>\n<meta name=\"twitter:card\" content=\"summary_large_image\" \/>\n<meta name=\"twitter:creator\" content=\"@bioecoactual\" \/>\n<meta name=\"twitter:site\" content=\"@bioecoactual\" \/>\n<meta name=\"twitter:label1\" content=\"Written by\" \/>\n\t<meta name=\"twitter:data1\" content=\"Julia\" \/>\n\t<meta name=\"twitter:label2\" content=\"Est. reading time\" \/>\n\t<meta name=\"twitter:data2\" content=\"3 minutes\" \/>\n<script type=\"application\/ld+json\" class=\"yoast-schema-graph\">{\"@context\":\"https:\\\/\\\/schema.org\",\"@graph\":[{\"@type\":\"Article\",\"@id\":\"https:\\\/\\\/www.bioecoactual.com\\\/ca\\\/2026\\\/09\\\/02\\\/comerc-just-resiliencia-sostenibilitat-global\\\/#article\",\"isPartOf\":{\"@id\":\"https:\\\/\\\/www.bioecoactual.com\\\/ca\\\/2026\\\/09\\\/02\\\/comerc-just-resiliencia-sostenibilitat-global\\\/\"},\"author\":{\"name\":\"Julia\",\"@id\":\"https:\\\/\\\/www.bioecoactual.com\\\/ca\\\/#\\\/schema\\\/person\\\/1917425621d12045530837796be26ce4\"},\"headline\":\"El Comer\u00e7 Just com a pilar de resili\u00e8ncia i sostenibilitat global\",\"datePublished\":\"2026-09-02T07:11:31+00:00\",\"mainEntityOfPage\":{\"@id\":\"https:\\\/\\\/www.bioecoactual.com\\\/ca\\\/2026\\\/09\\\/02\\\/comerc-just-resiliencia-sostenibilitat-global\\\/\"},\"wordCount\":512,\"publisher\":{\"@id\":\"https:\\\/\\\/www.bioecoactual.com\\\/ca\\\/#organization\"},\"image\":{\"@id\":\"https:\\\/\\\/www.bioecoactual.com\\\/ca\\\/2026\\\/09\\\/02\\\/comerc-just-resiliencia-sostenibilitat-global\\\/#primaryimage\"},\"thumbnailUrl\":\"https:\\\/\\\/www.bioecoactual.com\\\/wp-content\\\/uploads\\\/2026\\\/08\\\/Fairtrade-Iberica.jpg\",\"articleSection\":[\"Comer\u00e7 Just\"],\"inLanguage\":\"ca-ES\"},{\"@type\":\"WebPage\",\"@id\":\"https:\\\/\\\/www.bioecoactual.com\\\/ca\\\/2026\\\/09\\\/02\\\/comerc-just-resiliencia-sostenibilitat-global\\\/\",\"url\":\"https:\\\/\\\/www.bioecoactual.com\\\/ca\\\/2026\\\/09\\\/02\\\/comerc-just-resiliencia-sostenibilitat-global\\\/\",\"name\":\"El Comer\u00e7 Just com a pilar de resili\u00e8ncia i sostenibilitat global - Bio Eco Actual\",\"isPartOf\":{\"@id\":\"https:\\\/\\\/www.bioecoactual.com\\\/ca\\\/#website\"},\"primaryImageOfPage\":{\"@id\":\"https:\\\/\\\/www.bioecoactual.com\\\/ca\\\/2026\\\/09\\\/02\\\/comerc-just-resiliencia-sostenibilitat-global\\\/#primaryimage\"},\"image\":{\"@id\":\"https:\\\/\\\/www.bioecoactual.com\\\/ca\\\/2026\\\/09\\\/02\\\/comerc-just-resiliencia-sostenibilitat-global\\\/#primaryimage\"},\"thumbnailUrl\":\"https:\\\/\\\/www.bioecoactual.com\\\/wp-content\\\/uploads\\\/2026\\\/08\\\/Fairtrade-Iberica.jpg\",\"datePublished\":\"2026-09-02T07:11:31+00:00\",\"description\":\"Les cadenes de subministrament que no integrin criteris ambientals i socials posen en risc el seu negoci i el seu acc\u00e9s al mercat.\",\"breadcrumb\":{\"@id\":\"https:\\\/\\\/www.bioecoactual.com\\\/ca\\\/2026\\\/09\\\/02\\\/comerc-just-resiliencia-sostenibilitat-global\\\/#breadcrumb\"},\"inLanguage\":\"ca-ES\",\"potentialAction\":[{\"@type\":\"ReadAction\",\"target\":[\"https:\\\/\\\/www.bioecoactual.com\\\/ca\\\/2026\\\/09\\\/02\\\/comerc-just-resiliencia-sostenibilitat-global\\\/\"]}]},{\"@type\":\"ImageObject\",\"inLanguage\":\"ca-ES\",\"@id\":\"https:\\\/\\\/www.bioecoactual.com\\\/ca\\\/2026\\\/09\\\/02\\\/comerc-just-resiliencia-sostenibilitat-global\\\/#primaryimage\",\"url\":\"https:\\\/\\\/www.bioecoactual.com\\\/wp-content\\\/uploads\\\/2026\\\/08\\\/Fairtrade-Iberica.jpg\",\"contentUrl\":\"https:\\\/\\\/www.bioecoactual.com\\\/wp-content\\\/uploads\\\/2026\\\/08\\\/Fairtrade-Iberica.jpg\",\"width\":1200,\"height\":798,\"caption\":\"Fotograf\u00eda cedida por\"},{\"@type\":\"BreadcrumbList\",\"@id\":\"https:\\\/\\\/www.bioecoactual.com\\\/ca\\\/2026\\\/09\\\/02\\\/comerc-just-resiliencia-sostenibilitat-global\\\/#breadcrumb\",\"itemListElement\":[{\"@type\":\"ListItem\",\"position\":1,\"name\":\"Portada\",\"item\":\"https:\\\/\\\/www.bioecoactual.com\\\/ca\\\/\"},{\"@type\":\"ListItem\",\"position\":2,\"name\":\"El Comer\u00e7 Just com a pilar de resili\u00e8ncia i sostenibilitat global\"}]},{\"@type\":\"WebSite\",\"@id\":\"https:\\\/\\\/www.bioecoactual.com\\\/ca\\\/#website\",\"url\":\"https:\\\/\\\/www.bioecoactual.com\\\/ca\\\/\",\"name\":\"Bio Eco Actual\",\"description\":\"Alimentaci\u00f3n Ecol\u00f3gica\",\"publisher\":{\"@id\":\"https:\\\/\\\/www.bioecoactual.com\\\/ca\\\/#organization\"},\"potentialAction\":[{\"@type\":\"SearchAction\",\"target\":{\"@type\":\"EntryPoint\",\"urlTemplate\":\"https:\\\/\\\/www.bioecoactual.com\\\/ca\\\/?s={search_term_string}\"},\"query-input\":{\"@type\":\"PropertyValueSpecification\",\"valueRequired\":true,\"valueName\":\"search_term_string\"}}],\"inLanguage\":\"ca-ES\"},{\"@type\":\"Organization\",\"@id\":\"https:\\\/\\\/www.bioecoactual.com\\\/ca\\\/#organization\",\"name\":\"Bio Eco Actual\",\"url\":\"https:\\\/\\\/www.bioecoactual.com\\\/ca\\\/\",\"logo\":{\"@type\":\"ImageObject\",\"inLanguage\":\"ca-ES\",\"@id\":\"https:\\\/\\\/www.bioecoactual.com\\\/ca\\\/#\\\/schema\\\/logo\\\/image\\\/\",\"url\":\"https:\\\/\\\/www.bioecoactual.com\\\/wp-content\\\/uploads\\\/2022\\\/01\\\/BIOECO_CUADRADO_LOGO.png\",\"contentUrl\":\"https:\\\/\\\/www.bioecoactual.com\\\/wp-content\\\/uploads\\\/2022\\\/01\\\/BIOECO_CUADRADO_LOGO.png\",\"width\":8192,\"height\":8192,\"caption\":\"Bio Eco Actual\"},\"image\":{\"@id\":\"https:\\\/\\\/www.bioecoactual.com\\\/ca\\\/#\\\/schema\\\/logo\\\/image\\\/\"},\"sameAs\":[\"https:\\\/\\\/www.facebook.com\\\/BioEcoActual\\\/\",\"https:\\\/\\\/x.com\\\/bioecoactual\",\"https:\\\/\\\/www.linkedin.com\\\/in\\\/bioecoactual\\\/\"]},{\"@type\":\"Person\",\"@id\":\"https:\\\/\\\/www.bioecoactual.com\\\/ca\\\/#\\\/schema\\\/person\\\/1917425621d12045530837796be26ce4\",\"name\":\"Julia\",\"image\":{\"@type\":\"ImageObject\",\"inLanguage\":\"ca-ES\",\"@id\":\"https:\\\/\\\/secure.gravatar.com\\\/avatar\\\/0ae7f1d9b7841d6bac72ee70f9533f6d815d98ebf40ef3a321812da63d66427d?s=96&d=mm&r=g\",\"url\":\"https:\\\/\\\/secure.gravatar.com\\\/avatar\\\/0ae7f1d9b7841d6bac72ee70f9533f6d815d98ebf40ef3a321812da63d66427d?s=96&d=mm&r=g\",\"contentUrl\":\"https:\\\/\\\/secure.gravatar.com\\\/avatar\\\/0ae7f1d9b7841d6bac72ee70f9533f6d815d98ebf40ef3a321812da63d66427d?s=96&d=mm&r=g\",\"caption\":\"Julia\"},\"url\":\"https:\\\/\\\/www.bioecoactual.com\\\/ca\\\/author\\\/julia\\\/\"}]}<\/script>\n<!-- \/ Yoast SEO Premium plugin. -->","yoast_head_json":{"title":"El Comer\u00e7 Just com a pilar de resili\u00e8ncia i sostenibilitat global - Bio Eco Actual","description":"Les cadenes de subministrament que no integrin criteris ambientals i socials posen en risc el seu negoci i el seu acc\u00e9s al mercat.","robots":{"index":"index","follow":"follow","max-snippet":"max-snippet:-1","max-image-preview":"max-image-preview:large","max-video-preview":"max-video-preview:-1"},"canonical":"https:\/\/www.bioecoactual.com\/ca\/2026\/09\/02\/comerc-just-resiliencia-sostenibilitat-global\/","og_locale":"ca_ES","og_type":"article","og_title":"El Comer\u00e7 Just com a pilar de resili\u00e8ncia i sostenibilitat global","og_description":"Les cadenes de subministrament que no integrin criteris ambientals i socials posen en risc el seu negoci i el seu acc\u00e9s al mercat.","og_url":"https:\/\/www.bioecoactual.com\/ca\/2026\/09\/02\/comerc-just-resiliencia-sostenibilitat-global\/","og_site_name":"Bio Eco Actual","article_publisher":"https:\/\/www.facebook.com\/BioEcoActual\/","article_published_time":"2026-09-02T07:11:31+00:00","og_image":[{"width":1200,"height":798,"url":"https:\/\/www.bioecoactual.com\/wp-content\/uploads\/2026\/08\/Fairtrade-Iberica.jpg","type":"image\/jpeg"}],"author":"Julia","twitter_card":"summary_large_image","twitter_creator":"@bioecoactual","twitter_site":"@bioecoactual","twitter_misc":{"Written by":"Julia","Est. reading time":"3 minutes"},"schema":{"@context":"https:\/\/schema.org","@graph":[{"@type":"Article","@id":"https:\/\/www.bioecoactual.com\/ca\/2026\/09\/02\/comerc-just-resiliencia-sostenibilitat-global\/#article","isPartOf":{"@id":"https:\/\/www.bioecoactual.com\/ca\/2026\/09\/02\/comerc-just-resiliencia-sostenibilitat-global\/"},"author":{"name":"Julia","@id":"https:\/\/www.bioecoactual.com\/ca\/#\/schema\/person\/1917425621d12045530837796be26ce4"},"headline":"El Comer\u00e7 Just com a pilar de resili\u00e8ncia i sostenibilitat global","datePublished":"2026-09-02T07:11:31+00:00","mainEntityOfPage":{"@id":"https:\/\/www.bioecoactual.com\/ca\/2026\/09\/02\/comerc-just-resiliencia-sostenibilitat-global\/"},"wordCount":512,"publisher":{"@id":"https:\/\/www.bioecoactual.com\/ca\/#organization"},"image":{"@id":"https:\/\/www.bioecoactual.com\/ca\/2026\/09\/02\/comerc-just-resiliencia-sostenibilitat-global\/#primaryimage"},"thumbnailUrl":"https:\/\/www.bioecoactual.com\/wp-content\/uploads\/2026\/08\/Fairtrade-Iberica.jpg","articleSection":["Comer\u00e7 Just"],"inLanguage":"ca-ES"},{"@type":"WebPage","@id":"https:\/\/www.bioecoactual.com\/ca\/2026\/09\/02\/comerc-just-resiliencia-sostenibilitat-global\/","url":"https:\/\/www.bioecoactual.com\/ca\/2026\/09\/02\/comerc-just-resiliencia-sostenibilitat-global\/","name":"El Comer\u00e7 Just com a pilar de resili\u00e8ncia i sostenibilitat global - Bio Eco Actual","isPartOf":{"@id":"https:\/\/www.bioecoactual.com\/ca\/#website"},"primaryImageOfPage":{"@id":"https:\/\/www.bioecoactual.com\/ca\/2026\/09\/02\/comerc-just-resiliencia-sostenibilitat-global\/#primaryimage"},"image":{"@id":"https:\/\/www.bioecoactual.com\/ca\/2026\/09\/02\/comerc-just-resiliencia-sostenibilitat-global\/#primaryimage"},"thumbnailUrl":"https:\/\/www.bioecoactual.com\/wp-content\/uploads\/2026\/08\/Fairtrade-Iberica.jpg","datePublished":"2026-09-02T07:11:31+00:00","description":"Les cadenes de subministrament que no integrin criteris ambientals i socials posen en risc el seu negoci i el seu acc\u00e9s al mercat.","breadcrumb":{"@id":"https:\/\/www.bioecoactual.com\/ca\/2026\/09\/02\/comerc-just-resiliencia-sostenibilitat-global\/#breadcrumb"},"inLanguage":"ca-ES","potentialAction":[{"@type":"ReadAction","target":["https:\/\/www.bioecoactual.com\/ca\/2026\/09\/02\/comerc-just-resiliencia-sostenibilitat-global\/"]}]},{"@type":"ImageObject","inLanguage":"ca-ES","@id":"https:\/\/www.bioecoactual.com\/ca\/2026\/09\/02\/comerc-just-resiliencia-sostenibilitat-global\/#primaryimage","url":"https:\/\/www.bioecoactual.com\/wp-content\/uploads\/2026\/08\/Fairtrade-Iberica.jpg","contentUrl":"https:\/\/www.bioecoactual.com\/wp-content\/uploads\/2026\/08\/Fairtrade-Iberica.jpg","width":1200,"height":798,"caption":"Fotograf\u00eda cedida por"},{"@type":"BreadcrumbList","@id":"https:\/\/www.bioecoactual.com\/ca\/2026\/09\/02\/comerc-just-resiliencia-sostenibilitat-global\/#breadcrumb","itemListElement":[{"@type":"ListItem","position":1,"name":"Portada","item":"https:\/\/www.bioecoactual.com\/ca\/"},{"@type":"ListItem","position":2,"name":"El Comer\u00e7 Just com a pilar de resili\u00e8ncia i sostenibilitat global"}]},{"@type":"WebSite","@id":"https:\/\/www.bioecoactual.com\/ca\/#website","url":"https:\/\/www.bioecoactual.com\/ca\/","name":"Bio Eco Actual","description":"Alimentaci\u00f3n Ecol\u00f3gica","publisher":{"@id":"https:\/\/www.bioecoactual.com\/ca\/#organization"},"potentialAction":[{"@type":"SearchAction","target":{"@type":"EntryPoint","urlTemplate":"https:\/\/www.bioecoactual.com\/ca\/?s={search_term_string}"},"query-input":{"@type":"PropertyValueSpecification","valueRequired":true,"valueName":"search_term_string"}}],"inLanguage":"ca-ES"},{"@type":"Organization","@id":"https:\/\/www.bioecoactual.com\/ca\/#organization","name":"Bio Eco Actual","url":"https:\/\/www.bioecoactual.com\/ca\/","logo":{"@type":"ImageObject","inLanguage":"ca-ES","@id":"https:\/\/www.bioecoactual.com\/ca\/#\/schema\/logo\/image\/","url":"https:\/\/www.bioecoactual.com\/wp-content\/uploads\/2022\/01\/BIOECO_CUADRADO_LOGO.png","contentUrl":"https:\/\/www.bioecoactual.com\/wp-content\/uploads\/2022\/01\/BIOECO_CUADRADO_LOGO.png","width":8192,"height":8192,"caption":"Bio Eco Actual"},"image":{"@id":"https:\/\/www.bioecoactual.com\/ca\/#\/schema\/logo\/image\/"},"sameAs":["https:\/\/www.facebook.com\/BioEcoActual\/","https:\/\/x.com\/bioecoactual","https:\/\/www.linkedin.com\/in\/bioecoactual\/"]},{"@type":"Person","@id":"https:\/\/www.bioecoactual.com\/ca\/#\/schema\/person\/1917425621d12045530837796be26ce4","name":"Julia","image":{"@type":"ImageObject","inLanguage":"ca-ES","@id":"https:\/\/secure.gravatar.com\/avatar\/0ae7f1d9b7841d6bac72ee70f9533f6d815d98ebf40ef3a321812da63d66427d?s=96&d=mm&r=g","url":"https:\/\/secure.gravatar.com\/avatar\/0ae7f1d9b7841d6bac72ee70f9533f6d815d98ebf40ef3a321812da63d66427d?s=96&d=mm&r=g","contentUrl":"https:\/\/secure.gravatar.com\/avatar\/0ae7f1d9b7841d6bac72ee70f9533f6d815d98ebf40ef3a321812da63d66427d?s=96&d=mm&r=g","caption":"Julia"},"url":"https:\/\/www.bioecoactual.com\/ca\/author\/julia\/"}]}},"_links":{"self":[{"href":"https:\/\/www.bioecoactual.com\/ca\/wp-json\/wp\/v2\/posts\/128265","targetHints":{"allow":["GET"]}}],"collection":[{"href":"https:\/\/www.bioecoactual.com\/ca\/wp-json\/wp\/v2\/posts"}],"about":[{"href":"https:\/\/www.bioecoactual.com\/ca\/wp-json\/wp\/v2\/types\/post"}],"author":[{"embeddable":true,"href":"https:\/\/www.bioecoactual.com\/ca\/wp-json\/wp\/v2\/users\/592"}],"replies":[{"embeddable":true,"href":"https:\/\/www.bioecoactual.com\/ca\/wp-json\/wp\/v2\/comments?post=128265"}],"version-history":[{"count":2,"href":"https:\/\/www.bioecoactual.com\/ca\/wp-json\/wp\/v2\/posts\/128265\/revisions"}],"predecessor-version":[{"id":128526,"href":"https:\/\/www.bioecoactual.com\/ca\/wp-json\/wp\/v2\/posts\/128265\/revisions\/128526"}],"wp:featuredmedia":[{"embeddable":true,"href":"https:\/\/www.bioecoactual.com\/ca\/wp-json\/wp\/v2\/media\/128261"}],"wp:attachment":[{"href":"https:\/\/www.bioecoactual.com\/ca\/wp-json\/wp\/v2\/media?parent=128265"}],"wp:term":[{"taxonomy":"category","embeddable":true,"href":"https:\/\/www.bioecoactual.com\/ca\/wp-json\/wp\/v2\/categories?post=128265"},{"taxonomy":"post_tag","embeddable":true,"href":"https:\/\/www.bioecoactual.com\/ca\/wp-json\/wp\/v2\/tags?post=128265"}],"curies":[{"name":"wp","href":"https:\/\/api.w.org\/{rel}","templated":true}]}}