{"id":128309,"date":"2026-09-01T09:35:28","date_gmt":"2026-09-01T07:35:28","guid":{"rendered":"https:\/\/www.bioecoactual.com\/?p=128309"},"modified":"2026-09-01T11:21:26","modified_gmt":"2026-09-01T09:21:26","slug":"figues-ecologiques-estrella-setembre","status":"publish","type":"post","link":"https:\/\/www.bioecoactual.com\/ca\/2026\/09\/01\/figues-ecologiques-estrella-setembre\/","title":{"rendered":"Figues ecol\u00f2giques, l&#8217;estrella de setemebre"},"content":{"rendered":"<p>Les figues, dolces, sucoses i carnoses, s\u00f3n una de les fruites estrella del setembre. Per si soles constitueixen un aut\u00e8ntic plaer, tot i que tamb\u00e9 es poden convertir en les protagonistes de nombroses receptes dolces i salades.<\/p>\n<p><!--more--><\/p>\n<figure id=\"attachment_128305\" aria-describedby=\"caption-attachment-128305\" style=\"width: 1200px\" class=\"wp-caption aligncenter\"><img loading=\"lazy\" decoding=\"async\" class=\"wp-image-128305 size-full\" style=\"width: 100%; height: auto; display: block; border-radius: 28px; box-shadow: 0 18px 42px rgba(0,0,0,0.12); overflow: hidden;\" src=\"https:\/\/www.bioecoactual.com\/wp-content\/uploads\/2026\/08\/Higos-ecologicos.jpg\" alt=\"Higos-ecol\u00f3gicos\" width=\"1200\" height=\"800\" srcset=\"https:\/\/www.bioecoactual.com\/wp-content\/uploads\/2026\/08\/Higos-ecologicos.jpg 1200w, https:\/\/www.bioecoactual.com\/wp-content\/uploads\/2026\/08\/Higos-ecologicos-768x512.jpg 768w, https:\/\/www.bioecoactual.com\/wp-content\/uploads\/2026\/08\/Higos-ecologicos-630x420.jpg 630w, https:\/\/www.bioecoactual.com\/wp-content\/uploads\/2026\/08\/Higos-ecologicos-696x464.jpg 696w, https:\/\/www.bioecoactual.com\/wp-content\/uploads\/2026\/08\/Higos-ecologicos-1068x712.jpg 1068w\" sizes=\"auto, (max-width: 1200px) 100vw, 1200px\" \/><figcaption id=\"caption-attachment-128305\" class=\"wp-caption-text\">123RF Limited\u00a9serezniy<\/figcaption><\/figure>\n<p>Procedents de la figuera, destaquen per la seva pell fina i delicada, que pot variar des de tons verds fins a porpres foscos segons la varietat. La seva polpa tendra i melosa ofereix un sabor agradablement dol\u00e7, amb matisos que recorden la mel.<\/p>\n<h2>Caracter\u00edstiques i propietats<\/h2>\n<div style=\"max-width: 820px; margin: 30px auto;\">\n<div style=\"background: #ffffff; border: 1px solid rgba(224,212,152,0.55); border-radius: 20px; padding: 22px 24px; margin-bottom: 18px; box-shadow: 0 8px 22px rgba(0,0,0,0.06); box-sizing: border-box;\">\n<h3 style=\"margin: 0 0 10px 0; font-family: 'Roboto', Arial, sans-serif; font-size: 17px; line-height: 1.3; color: #3f3a22;\"><span style=\"font-size: 17pt; color: #000000;\">Energia r\u00e0pida<\/span><\/h3>\n<p style=\"margin: 0; font-family: Verdana, Arial, sans-serif; font-size: 11pt; color: #000000; line-height: 1.6;\">Juntament amb el pl\u00e0tan, el ra\u00efm i la xirimoia, la figa es troba entre les fruites amb m\u00e9s contingut en sucres presents de manera natural. Gr\u00e0cies a aix\u00f2, a m\u00e9s del seu agradable sabor dol\u00e7, aporta energia r\u00e0pida, per la qual cosa resulta una opci\u00f3 excel\u00b7lent per a infants, esportistes o persones amb necessitats energ\u00e8tiques elevades.<\/p>\n<\/div>\n<div style=\"background: #ffffff; border: 1px solid rgba(224,212,152,0.55); border-radius: 20px; padding: 22px 24px; margin-bottom: 18px; box-shadow: 0 8px 22px rgba(0,0,0,0.06); box-sizing: border-box;\">\n<h3 style=\"margin: 0 0 10px 0; font-family: 'Roboto', Arial, sans-serif; font-size: 17px; line-height: 1.3; color: #3f3a22;\"><span style=\"font-size: 17pt; color: #000000;\">Font de fibra<\/span><\/h3>\n<p style=\"margin: 0; font-family: Verdana, Arial, sans-serif; font-size: 11pt; color: #000000; line-height: 1.6;\">Destaca pel seu contingut en fibra, un nutrient que contribueix al funcionament intestinal normal i afavoreix el tr\u00e0nsit.<\/p>\n<\/div>\n<div style=\"background: #ffffff; border: 1px solid rgba(224,212,152,0.55); border-radius: 20px; padding: 22px 24px; box-shadow: 0 8px 22px rgba(0,0,0,0.06); box-sizing: border-box;\">\n<h3 style=\"margin: 0 0 10px 0; font-family: 'Roboto', Arial, sans-serif; font-size: 17px; line-height: 1.3; color: #3f3a22;\"><span style=\"font-size: 17pt; color: #000000;\">Potassi i vitamina B6<\/span><\/h3>\n<p style=\"margin: 0; font-family: Verdana, Arial, sans-serif; font-size: 11pt; color: #000000; line-height: 1.6;\">Tot i que la seva aportaci\u00f3 de vitamines i minerals no \u00e9s especialment elevada, cal destacar-ne el contingut en potassi i vitamina B6.<\/p>\n<\/div>\n<\/div>\n<h2>Nutrients destacats (100 g de producte)<\/h2>\n<section style=\"margin: 28px 0;\">\n<div style=\"background: linear-gradient(135deg, rgba(224,212,152,0.35) 0%, rgba(224,212,152,0.12) 100%); padding: 20px 22px; border-radius: 16px; box-shadow: 0 4px 14px rgba(0,0,0,0.06); border-left: 4px solid rgb(224 212 152);\">\n<ul style=\"margin: 0; padding-left: 20px; font-family: Verdana, Arial, sans-serif; font-size: 11pt; color: #000000; line-height: 1.6;\">\n<li>Hidrats de carboni: 16 g<\/li>\n<li>Potassi: 270 mg<\/li>\n<li>Vitamina B6: 0,11 mg<\/li>\n<li>Fibra: 2,5 g<\/li>\n<\/ul>\n<\/div>\n<\/section>\n<h2>Difer\u00e8ncies entre ecol\u00f2gic i no ecol\u00f2gic<\/h2>\n<p>Les figues d\u2019origen ecol\u00f2gic estan lliures de possibles restes de pesticides i fertilitzants de s\u00edntesi qu\u00edmica. A m\u00e9s, el seu cultiu es basa en pr\u00e0ctiques agr\u00edcoles que afavoreixen el manteniment de la biodiversitat. Com que els residus de pesticides s\u2019acumulen principalment a la pell de les fruites i verdures, optar per figues ecol\u00f2giques permet gaudir-ne senceres amb total tranquil\u00b7litat.<\/p>\n<h2>A la cuina<\/h2>\n<p>Les figues s\u00f3n una fruita molt vers\u00e0til. Es poden gaudir en esmorzars i berenars combinades amb crema de fruita seca, esp\u00e8cies o xocolata negra; utilitzar-se com a alternativa als d\u00e0tils en barretes i boles energ\u00e8tiques; afegir-se a torrades amb formatge fresc, alvocat o germinats; transformar-se en melmelades casolanes amb xia o lli; protagonitzar originals canap\u00e8s amb contrastos dol\u00e7os i salats; o incorporar-se a amanides per aportar un contrast dol\u00e7, suc\u00f3s i ple de sabor.<\/p>\n<section style=\"margin: 28px 0;\">\n<div style=\"background: linear-gradient(135deg, rgba(224,212,152,0.35) 0%, rgba(224,212,152,0.12) 100%); padding: 20px 22px; border-radius: 16px; box-shadow: 0 4px 14px rgba(0,0,0,0.06); border-left: 4px solid rgb(224 212 152);\">\n<h3 style=\"margin: 0 0 10px 0; font-family: 'Roboto', Arial, sans-serif; font-size: 17px; line-height: 1.3; color: #3f3a22;\"><span style=\"font-size: 17pt; color: #000000;\">A Veritas, sempre ecol\u00f2gics<\/span><\/h3>\n<p style=\"margin: 0; font-family: Verdana, Arial, sans-serif; font-size: 11px; color: #4a4a4a;\"><span style=\"font-size: 11pt; color: #000000;\">Als supermercats ecol\u00f2gics Veritas trobar\u00e0s <strong><a href=\"https:\/\/www.veritas.es\/ca\/compra\/figues-negres-ecologiques-500g-36956?utm_source=bioeco&amp;utm_medium=referral&amp;utm_campaign=higos_negros_ecol\u00f3gicos\" target=\"_blank\" rel=\"noopener\">figues negres ecol\u00f2giques<\/a><\/strong> procedents de la finca Cal Pineda, situada a Alguaire (Lleida). A m\u00e9s, aquest prove\u00efdor compta amb la certificaci\u00f3 Demeter, que garanteix que els productes han estat cultivats seguint els principis de l\u2019agricultura biodin\u00e0mica.<\/span><\/p>\n<\/div>\n<\/section>\n<p style=\"text-align: center;\"><strong>ESPAI PATROCINAT PER:<br \/>\nVeritas |\u00a0<a href=\"https:\/\/veritas.es\/ca\/\" target=\"_blank\" rel=\"noopener\">www.veritas.es\/ca\/<\/a><a href=\"https:\/\/veritas.es\/ca\/\" target=\"_blank\" rel=\"noopener\"><img loading=\"lazy\" decoding=\"async\" class=\"wp-image-125809 aligncenter td-animation-stack-type0-2\" src=\"https:\/\/www.bioecoactual.com\/wp-content\/uploads\/2026\/05\/CAT_BioEco_mestimo-02.png\" sizes=\"auto, (max-width: 490px) 100vw, 490px\" srcset=\"https:\/\/www.bioecoactual.com\/wp-content\/uploads\/2026\/05\/CAT_BioEco_mestimo-02.png 709w, https:\/\/www.bioecoactual.com\/wp-content\/uploads\/2026\/05\/CAT_BioEco_mestimo-02-696x348.png 696w\" alt=\"m'estimo veritas\" width=\"352\" height=\"176\" \/><\/a><\/strong><\/p>\n<p><strong>Autora:<\/strong> Amancay Ortega Thought Leadership, Science &amp; Content Manager, Veritas.<\/p>\n<p><a href=\"https:\/\/www.bioecoactual.com\/ca\/subscripcio\/\" target=\"_blank\" rel=\"noopener noreferrer\"><strong>Subscriu-te<\/strong><\/a><strong> a la Newsletter i rep cada mes Bio Eco Actual gratis al teu correu<\/strong><\/p>\n<p><strong><em>Bio Eco Actual<\/em><\/strong>, <em>el teu mensual 100% ecol\u00f2gic<\/em><strong><br \/>\n<\/strong><a href=\"https:\/\/www.bioecoactual.com\/wp-content\/uploads\/2026\/08\/BioEcoActual_Setembre_2026.pdf\" target=\"_blank\" rel=\"noopener noreferrer\"><strong> Llegir Bio Eco Actual Setembre 2026<\/strong><\/a><\/p>\n<p><iframe style=\"border: none; width: 100%; height: 520px;\" src=\"\/\/e.issuu.com\/embed.html?d=bioecoactual_setembre_2026&amp;hideIssuuLogo=true&amp;showOtherPublicationsAsSuggestions=true&amp;u=bioecoactual\" allowfullscreen=\"allowfullscreen\"> <\/iframe><\/p>\n","protected":false},"excerpt":{"rendered":"<p>Les figues, dolces, sucoses i carnoses, s&oacute;n una de les fruites estrella del setembre. Per si soles constitueixen un aut&egrave;ntic plaer, tot i que tamb&eacute; es poden convertir en les protagonistes de nombroses receptes dolces i salades.<\/p>\n","protected":false},"author":592,"featured_media":128306,"comment_status":"closed","ping_status":"closed","sticky":false,"template":"","format":"standard","meta":{"footnotes":""},"categories":[7177],"tags":[],"class_list":["post-128309","post","type-post","status-publish","format-standard","has-post-thumbnail","category-alimentacio-ecologica"],"yoast_head":"<!-- This site is optimized with the Yoast SEO Premium plugin v28.3 (Yoast SEO v28.3) - https:\/\/yoast.com\/product\/yoast-seo-premium-wordpress\/ -->\n<title>Figues ecol\u00f2giques, l&#039;estrella de setemebre - Bio Eco Actual<\/title>\n<meta name=\"description\" content=\"Les figues ecol\u00f2giques s\u00f3n una de les fruites estrella del setembre. Apr\u00e8n diferents maneres de gaudir-ne a la cuina.\" \/>\n<meta name=\"robots\" content=\"index, follow, max-snippet:-1, max-image-preview:large, max-video-preview:-1\" \/>\n<link rel=\"canonical\" href=\"https:\/\/www.bioecoactual.com\/ca\/2026\/09\/01\/figues-ecologiques-estrella-setembre\/\" \/>\n<meta property=\"og:locale\" content=\"ca_ES\" \/>\n<meta property=\"og:type\" content=\"article\" \/>\n<meta property=\"og:title\" content=\"Figues ecol\u00f2giques, l&#039;estrella de setemebre\" \/>\n<meta property=\"og:description\" content=\"Les figues ecol\u00f2giques s\u00f3n una de les fruites estrella del setembre. Apr\u00e8n diferents maneres de gaudir-ne a la cuina.\" \/>\n<meta property=\"og:url\" content=\"https:\/\/www.bioecoactual.com\/ca\/2026\/09\/01\/figues-ecologiques-estrella-setembre\/\" \/>\n<meta property=\"og:site_name\" content=\"Bio Eco Actual\" \/>\n<meta property=\"article:publisher\" content=\"https:\/\/www.facebook.com\/BioEcoActual\/\" \/>\n<meta property=\"article:published_time\" content=\"2026-09-01T07:35:28+00:00\" \/>\n<meta property=\"article:modified_time\" content=\"2026-09-01T09:21:26+00:00\" \/>\n<meta property=\"og:image\" content=\"https:\/\/www.bioecoactual.com\/wp-content\/uploads\/2026\/08\/Higos-ecologicos.jpg\" \/>\n\t<meta property=\"og:image:width\" content=\"1200\" \/>\n\t<meta property=\"og:image:height\" content=\"800\" \/>\n\t<meta property=\"og:image:type\" content=\"image\/jpeg\" \/>\n<meta name=\"author\" content=\"Julia\" \/>\n<meta name=\"twitter:card\" content=\"summary_large_image\" \/>\n<meta name=\"twitter:creator\" content=\"@bioecoactual\" \/>\n<meta name=\"twitter:site\" content=\"@bioecoactual\" \/>\n<meta name=\"twitter:label1\" content=\"Written by\" \/>\n\t<meta name=\"twitter:data1\" content=\"Julia\" \/>\n\t<meta name=\"twitter:label2\" content=\"Est. reading time\" \/>\n\t<meta name=\"twitter:data2\" content=\"3 minutes\" \/>\n<script type=\"application\/ld+json\" class=\"yoast-schema-graph\">{\"@context\":\"https:\\\/\\\/schema.org\",\"@graph\":[{\"@type\":\"Article\",\"@id\":\"https:\\\/\\\/www.bioecoactual.com\\\/ca\\\/2026\\\/09\\\/01\\\/figues-ecologiques-estrella-setembre\\\/#article\",\"isPartOf\":{\"@id\":\"https:\\\/\\\/www.bioecoactual.com\\\/ca\\\/2026\\\/09\\\/01\\\/figues-ecologiques-estrella-setembre\\\/\"},\"author\":{\"name\":\"Julia\",\"@id\":\"https:\\\/\\\/www.bioecoactual.com\\\/#\\\/schema\\\/person\\\/1917425621d12045530837796be26ce4\"},\"headline\":\"Figues ecol\u00f2giques, l&#8217;estrella de setemebre\",\"datePublished\":\"2026-09-01T07:35:28+00:00\",\"dateModified\":\"2026-09-01T09:21:26+00:00\",\"mainEntityOfPage\":{\"@id\":\"https:\\\/\\\/www.bioecoactual.com\\\/ca\\\/2026\\\/09\\\/01\\\/figues-ecologiques-estrella-setembre\\\/\"},\"wordCount\":497,\"publisher\":{\"@id\":\"https:\\\/\\\/www.bioecoactual.com\\\/#organization\"},\"image\":{\"@id\":\"https:\\\/\\\/www.bioecoactual.com\\\/ca\\\/2026\\\/09\\\/01\\\/figues-ecologiques-estrella-setembre\\\/#primaryimage\"},\"thumbnailUrl\":\"https:\\\/\\\/www.bioecoactual.com\\\/wp-content\\\/uploads\\\/2026\\\/08\\\/Higos-ecologicos.jpg\",\"articleSection\":[\"Alimentaci\u00f3 Ecol\u00f2gica\"],\"inLanguage\":\"ca-ES\"},{\"@type\":\"WebPage\",\"@id\":\"https:\\\/\\\/www.bioecoactual.com\\\/ca\\\/2026\\\/09\\\/01\\\/figues-ecologiques-estrella-setembre\\\/\",\"url\":\"https:\\\/\\\/www.bioecoactual.com\\\/ca\\\/2026\\\/09\\\/01\\\/figues-ecologiques-estrella-setembre\\\/\",\"name\":\"Figues ecol\u00f2giques, l'estrella de setemebre - Bio Eco Actual\",\"isPartOf\":{\"@id\":\"https:\\\/\\\/www.bioecoactual.com\\\/#website\"},\"primaryImageOfPage\":{\"@id\":\"https:\\\/\\\/www.bioecoactual.com\\\/ca\\\/2026\\\/09\\\/01\\\/figues-ecologiques-estrella-setembre\\\/#primaryimage\"},\"image\":{\"@id\":\"https:\\\/\\\/www.bioecoactual.com\\\/ca\\\/2026\\\/09\\\/01\\\/figues-ecologiques-estrella-setembre\\\/#primaryimage\"},\"thumbnailUrl\":\"https:\\\/\\\/www.bioecoactual.com\\\/wp-content\\\/uploads\\\/2026\\\/08\\\/Higos-ecologicos.jpg\",\"datePublished\":\"2026-09-01T07:35:28+00:00\",\"dateModified\":\"2026-09-01T09:21:26+00:00\",\"description\":\"Les figues ecol\u00f2giques s\u00f3n una de les fruites estrella del setembre. Apr\u00e8n diferents maneres de gaudir-ne a la cuina.\",\"breadcrumb\":{\"@id\":\"https:\\\/\\\/www.bioecoactual.com\\\/ca\\\/2026\\\/09\\\/01\\\/figues-ecologiques-estrella-setembre\\\/#breadcrumb\"},\"inLanguage\":\"ca-ES\",\"potentialAction\":[{\"@type\":\"ReadAction\",\"target\":[\"https:\\\/\\\/www.bioecoactual.com\\\/ca\\\/2026\\\/09\\\/01\\\/figues-ecologiques-estrella-setembre\\\/\"]}]},{\"@type\":\"ImageObject\",\"inLanguage\":\"ca-ES\",\"@id\":\"https:\\\/\\\/www.bioecoactual.com\\\/ca\\\/2026\\\/09\\\/01\\\/figues-ecologiques-estrella-setembre\\\/#primaryimage\",\"url\":\"https:\\\/\\\/www.bioecoactual.com\\\/wp-content\\\/uploads\\\/2026\\\/08\\\/Higos-ecologicos.jpg\",\"contentUrl\":\"https:\\\/\\\/www.bioecoactual.com\\\/wp-content\\\/uploads\\\/2026\\\/08\\\/Higos-ecologicos.jpg\",\"width\":1200,\"height\":800,\"caption\":\"Higos-ecol\u00f3gicos\"},{\"@type\":\"BreadcrumbList\",\"@id\":\"https:\\\/\\\/www.bioecoactual.com\\\/ca\\\/2026\\\/09\\\/01\\\/figues-ecologiques-estrella-setembre\\\/#breadcrumb\",\"itemListElement\":[{\"@type\":\"ListItem\",\"position\":1,\"name\":\"Portada\",\"item\":\"https:\\\/\\\/www.bioecoactual.com\\\/ca\\\/\"},{\"@type\":\"ListItem\",\"position\":2,\"name\":\"Figues ecol\u00f2giques, l&#8217;estrella de setemebre\"}]},{\"@type\":\"WebSite\",\"@id\":\"https:\\\/\\\/www.bioecoactual.com\\\/#website\",\"url\":\"https:\\\/\\\/www.bioecoactual.com\\\/\",\"name\":\"Bio Eco Actual\",\"description\":\"Alimentaci\u00f3n Ecol\u00f3gica\",\"publisher\":{\"@id\":\"https:\\\/\\\/www.bioecoactual.com\\\/#organization\"},\"potentialAction\":[{\"@type\":\"SearchAction\",\"target\":{\"@type\":\"EntryPoint\",\"urlTemplate\":\"https:\\\/\\\/www.bioecoactual.com\\\/?s={search_term_string}\"},\"query-input\":{\"@type\":\"PropertyValueSpecification\",\"valueRequired\":true,\"valueName\":\"search_term_string\"}}],\"inLanguage\":\"ca-ES\"},{\"@type\":\"Organization\",\"@id\":\"https:\\\/\\\/www.bioecoactual.com\\\/#organization\",\"name\":\"Bio Eco Actual\",\"url\":\"https:\\\/\\\/www.bioecoactual.com\\\/\",\"logo\":{\"@type\":\"ImageObject\",\"inLanguage\":\"ca-ES\",\"@id\":\"https:\\\/\\\/www.bioecoactual.com\\\/#\\\/schema\\\/logo\\\/image\\\/\",\"url\":\"https:\\\/\\\/www.bioecoactual.com\\\/wp-content\\\/uploads\\\/2022\\\/01\\\/BIOECO_CUADRADO_LOGO.png\",\"contentUrl\":\"https:\\\/\\\/www.bioecoactual.com\\\/wp-content\\\/uploads\\\/2022\\\/01\\\/BIOECO_CUADRADO_LOGO.png\",\"width\":8192,\"height\":8192,\"caption\":\"Bio Eco Actual\"},\"image\":{\"@id\":\"https:\\\/\\\/www.bioecoactual.com\\\/#\\\/schema\\\/logo\\\/image\\\/\"},\"sameAs\":[\"https:\\\/\\\/www.facebook.com\\\/BioEcoActual\\\/\",\"https:\\\/\\\/x.com\\\/bioecoactual\",\"https:\\\/\\\/www.linkedin.com\\\/in\\\/bioecoactual\\\/\"]},{\"@type\":\"Person\",\"@id\":\"https:\\\/\\\/www.bioecoactual.com\\\/#\\\/schema\\\/person\\\/1917425621d12045530837796be26ce4\",\"name\":\"Julia\",\"image\":{\"@type\":\"ImageObject\",\"inLanguage\":\"ca-ES\",\"@id\":\"https:\\\/\\\/secure.gravatar.com\\\/avatar\\\/0ae7f1d9b7841d6bac72ee70f9533f6d815d98ebf40ef3a321812da63d66427d?s=96&d=mm&r=g\",\"url\":\"https:\\\/\\\/secure.gravatar.com\\\/avatar\\\/0ae7f1d9b7841d6bac72ee70f9533f6d815d98ebf40ef3a321812da63d66427d?s=96&d=mm&r=g\",\"contentUrl\":\"https:\\\/\\\/secure.gravatar.com\\\/avatar\\\/0ae7f1d9b7841d6bac72ee70f9533f6d815d98ebf40ef3a321812da63d66427d?s=96&d=mm&r=g\",\"caption\":\"Julia\"},\"url\":\"https:\\\/\\\/www.bioecoactual.com\\\/ca\\\/author\\\/julia\\\/\"}]}<\/script>\n<!-- \/ Yoast SEO Premium plugin. -->","yoast_head_json":{"title":"Figues ecol\u00f2giques, l'estrella de setemebre - Bio Eco Actual","description":"Les figues ecol\u00f2giques s\u00f3n una de les fruites estrella del setembre. Apr\u00e8n diferents maneres de gaudir-ne a la cuina.","robots":{"index":"index","follow":"follow","max-snippet":"max-snippet:-1","max-image-preview":"max-image-preview:large","max-video-preview":"max-video-preview:-1"},"canonical":"https:\/\/www.bioecoactual.com\/ca\/2026\/09\/01\/figues-ecologiques-estrella-setembre\/","og_locale":"ca_ES","og_type":"article","og_title":"Figues ecol\u00f2giques, l'estrella de setemebre","og_description":"Les figues ecol\u00f2giques s\u00f3n una de les fruites estrella del setembre. Apr\u00e8n diferents maneres de gaudir-ne a la cuina.","og_url":"https:\/\/www.bioecoactual.com\/ca\/2026\/09\/01\/figues-ecologiques-estrella-setembre\/","og_site_name":"Bio Eco Actual","article_publisher":"https:\/\/www.facebook.com\/BioEcoActual\/","article_published_time":"2026-09-01T07:35:28+00:00","article_modified_time":"2026-09-01T09:21:26+00:00","og_image":[{"width":1200,"height":800,"url":"https:\/\/www.bioecoactual.com\/wp-content\/uploads\/2026\/08\/Higos-ecologicos.jpg","type":"image\/jpeg"}],"author":"Julia","twitter_card":"summary_large_image","twitter_creator":"@bioecoactual","twitter_site":"@bioecoactual","twitter_misc":{"Written by":"Julia","Est. reading time":"3 minutes"},"schema":{"@context":"https:\/\/schema.org","@graph":[{"@type":"Article","@id":"https:\/\/www.bioecoactual.com\/ca\/2026\/09\/01\/figues-ecologiques-estrella-setembre\/#article","isPartOf":{"@id":"https:\/\/www.bioecoactual.com\/ca\/2026\/09\/01\/figues-ecologiques-estrella-setembre\/"},"author":{"name":"Julia","@id":"https:\/\/www.bioecoactual.com\/#\/schema\/person\/1917425621d12045530837796be26ce4"},"headline":"Figues ecol\u00f2giques, l&#8217;estrella de setemebre","datePublished":"2026-09-01T07:35:28+00:00","dateModified":"2026-09-01T09:21:26+00:00","mainEntityOfPage":{"@id":"https:\/\/www.bioecoactual.com\/ca\/2026\/09\/01\/figues-ecologiques-estrella-setembre\/"},"wordCount":497,"publisher":{"@id":"https:\/\/www.bioecoactual.com\/#organization"},"image":{"@id":"https:\/\/www.bioecoactual.com\/ca\/2026\/09\/01\/figues-ecologiques-estrella-setembre\/#primaryimage"},"thumbnailUrl":"https:\/\/www.bioecoactual.com\/wp-content\/uploads\/2026\/08\/Higos-ecologicos.jpg","articleSection":["Alimentaci\u00f3 Ecol\u00f2gica"],"inLanguage":"ca-ES"},{"@type":"WebPage","@id":"https:\/\/www.bioecoactual.com\/ca\/2026\/09\/01\/figues-ecologiques-estrella-setembre\/","url":"https:\/\/www.bioecoactual.com\/ca\/2026\/09\/01\/figues-ecologiques-estrella-setembre\/","name":"Figues ecol\u00f2giques, l'estrella de setemebre - Bio Eco Actual","isPartOf":{"@id":"https:\/\/www.bioecoactual.com\/#website"},"primaryImageOfPage":{"@id":"https:\/\/www.bioecoactual.com\/ca\/2026\/09\/01\/figues-ecologiques-estrella-setembre\/#primaryimage"},"image":{"@id":"https:\/\/www.bioecoactual.com\/ca\/2026\/09\/01\/figues-ecologiques-estrella-setembre\/#primaryimage"},"thumbnailUrl":"https:\/\/www.bioecoactual.com\/wp-content\/uploads\/2026\/08\/Higos-ecologicos.jpg","datePublished":"2026-09-01T07:35:28+00:00","dateModified":"2026-09-01T09:21:26+00:00","description":"Les figues ecol\u00f2giques s\u00f3n una de les fruites estrella del setembre. Apr\u00e8n diferents maneres de gaudir-ne a la cuina.","breadcrumb":{"@id":"https:\/\/www.bioecoactual.com\/ca\/2026\/09\/01\/figues-ecologiques-estrella-setembre\/#breadcrumb"},"inLanguage":"ca-ES","potentialAction":[{"@type":"ReadAction","target":["https:\/\/www.bioecoactual.com\/ca\/2026\/09\/01\/figues-ecologiques-estrella-setembre\/"]}]},{"@type":"ImageObject","inLanguage":"ca-ES","@id":"https:\/\/www.bioecoactual.com\/ca\/2026\/09\/01\/figues-ecologiques-estrella-setembre\/#primaryimage","url":"https:\/\/www.bioecoactual.com\/wp-content\/uploads\/2026\/08\/Higos-ecologicos.jpg","contentUrl":"https:\/\/www.bioecoactual.com\/wp-content\/uploads\/2026\/08\/Higos-ecologicos.jpg","width":1200,"height":800,"caption":"Higos-ecol\u00f3gicos"},{"@type":"BreadcrumbList","@id":"https:\/\/www.bioecoactual.com\/ca\/2026\/09\/01\/figues-ecologiques-estrella-setembre\/#breadcrumb","itemListElement":[{"@type":"ListItem","position":1,"name":"Portada","item":"https:\/\/www.bioecoactual.com\/ca\/"},{"@type":"ListItem","position":2,"name":"Figues ecol\u00f2giques, l&#8217;estrella de setemebre"}]},{"@type":"WebSite","@id":"https:\/\/www.bioecoactual.com\/#website","url":"https:\/\/www.bioecoactual.com\/","name":"Bio Eco Actual","description":"Alimentaci\u00f3n Ecol\u00f3gica","publisher":{"@id":"https:\/\/www.bioecoactual.com\/#organization"},"potentialAction":[{"@type":"SearchAction","target":{"@type":"EntryPoint","urlTemplate":"https:\/\/www.bioecoactual.com\/?s={search_term_string}"},"query-input":{"@type":"PropertyValueSpecification","valueRequired":true,"valueName":"search_term_string"}}],"inLanguage":"ca-ES"},{"@type":"Organization","@id":"https:\/\/www.bioecoactual.com\/#organization","name":"Bio Eco Actual","url":"https:\/\/www.bioecoactual.com\/","logo":{"@type":"ImageObject","inLanguage":"ca-ES","@id":"https:\/\/www.bioecoactual.com\/#\/schema\/logo\/image\/","url":"https:\/\/www.bioecoactual.com\/wp-content\/uploads\/2022\/01\/BIOECO_CUADRADO_LOGO.png","contentUrl":"https:\/\/www.bioecoactual.com\/wp-content\/uploads\/2022\/01\/BIOECO_CUADRADO_LOGO.png","width":8192,"height":8192,"caption":"Bio Eco Actual"},"image":{"@id":"https:\/\/www.bioecoactual.com\/#\/schema\/logo\/image\/"},"sameAs":["https:\/\/www.facebook.com\/BioEcoActual\/","https:\/\/x.com\/bioecoactual","https:\/\/www.linkedin.com\/in\/bioecoactual\/"]},{"@type":"Person","@id":"https:\/\/www.bioecoactual.com\/#\/schema\/person\/1917425621d12045530837796be26ce4","name":"Julia","image":{"@type":"ImageObject","inLanguage":"ca-ES","@id":"https:\/\/secure.gravatar.com\/avatar\/0ae7f1d9b7841d6bac72ee70f9533f6d815d98ebf40ef3a321812da63d66427d?s=96&d=mm&r=g","url":"https:\/\/secure.gravatar.com\/avatar\/0ae7f1d9b7841d6bac72ee70f9533f6d815d98ebf40ef3a321812da63d66427d?s=96&d=mm&r=g","contentUrl":"https:\/\/secure.gravatar.com\/avatar\/0ae7f1d9b7841d6bac72ee70f9533f6d815d98ebf40ef3a321812da63d66427d?s=96&d=mm&r=g","caption":"Julia"},"url":"https:\/\/www.bioecoactual.com\/ca\/author\/julia\/"}]}},"_links":{"self":[{"href":"https:\/\/www.bioecoactual.com\/ca\/wp-json\/wp\/v2\/posts\/128309","targetHints":{"allow":["GET"]}}],"collection":[{"href":"https:\/\/www.bioecoactual.com\/ca\/wp-json\/wp\/v2\/posts"}],"about":[{"href":"https:\/\/www.bioecoactual.com\/ca\/wp-json\/wp\/v2\/types\/post"}],"author":[{"embeddable":true,"href":"https:\/\/www.bioecoactual.com\/ca\/wp-json\/wp\/v2\/users\/592"}],"replies":[{"embeddable":true,"href":"https:\/\/www.bioecoactual.com\/ca\/wp-json\/wp\/v2\/comments?post=128309"}],"version-history":[{"count":4,"href":"https:\/\/www.bioecoactual.com\/ca\/wp-json\/wp\/v2\/posts\/128309\/revisions"}],"predecessor-version":[{"id":128483,"href":"https:\/\/www.bioecoactual.com\/ca\/wp-json\/wp\/v2\/posts\/128309\/revisions\/128483"}],"wp:featuredmedia":[{"embeddable":true,"href":"https:\/\/www.bioecoactual.com\/ca\/wp-json\/wp\/v2\/media\/128306"}],"wp:attachment":[{"href":"https:\/\/www.bioecoactual.com\/ca\/wp-json\/wp\/v2\/media?parent=128309"}],"wp:term":[{"taxonomy":"category","embeddable":true,"href":"https:\/\/www.bioecoactual.com\/ca\/wp-json\/wp\/v2\/categories?post=128309"},{"taxonomy":"post_tag","embeddable":true,"href":"https:\/\/www.bioecoactual.com\/ca\/wp-json\/wp\/v2\/tags?post=128309"}],"curies":[{"name":"wp","href":"https:\/\/api.w.org\/{rel}","templated":true}]}}