{"id":128319,"date":"2026-09-04T08:00:08","date_gmt":"2026-09-04T06:00:08","guid":{"rendered":"https:\/\/www.bioecoactual.com\/?p=128319"},"modified":"2026-09-03T12:46:22","modified_gmt":"2026-09-03T10:46:22","slug":"marco-molier-mercat-ecologic-europeu","status":"publish","type":"post","link":"https:\/\/www.bioecoactual.com\/ca\/2026\/09\/04\/marco-molier-mercat-ecologic-europeu\/","title":{"rendered":"\u00abLa transpar\u00e8ncia s\u2019ha convertit en una de les nostres oportunitats m\u00e9s grans\u00bb. Entrevista a Marco Molier, Director General de BioCore"},"content":{"rendered":"<p>El mercat ecol\u00f2gic europeu ha tornat a cr\u00e9ixer, per\u00f2, segons <strong>Marco Molier<\/strong>, hauria d\u2019accelerar molt m\u00e9s. En aquesta entrevista, el director general de <strong>BioCore<\/strong> i membre del Consell d\u2019Administraci\u00f3 de <strong>BioNederland<\/strong> comparteix la seva visi\u00f3 sobre el comportament dels consumidors, les cadenes de subministrament resilients, la regulaci\u00f3, la innovaci\u00f3 i per qu\u00e8 considera que l\u2019ecol\u00f2gic hauria de convertir-se en la norma.<\/p>\n<p><!--more--><\/p>\n<div style=\"max-width: 595px; margin: 32px auto 42px; text-align: center;\">\n<p><img loading=\"lazy\" decoding=\"async\" class=\"wp-image-128315 aligncenter\" style=\"width: 595px; max-width: 100%; height: auto; display: block; margin: 0 auto; border-radius: 28px; box-shadow: rgba(0, 0, 0, 0.12) 0px 18px 42px; overflow: hidden;\" src=\"https:\/\/www.bioecoactual.com\/wp-content\/uploads\/2026\/08\/Marco-Molier.jpg\" alt=\"\" width=\"1200\" height=\"1141\" srcset=\"https:\/\/www.bioecoactual.com\/wp-content\/uploads\/2026\/08\/Marco-Molier.jpg 1200w, https:\/\/www.bioecoactual.com\/wp-content\/uploads\/2026\/08\/Marco-Molier-768x730.jpg 768w, https:\/\/www.bioecoactual.com\/wp-content\/uploads\/2026\/08\/Marco-Molier-442x420.jpg 442w, https:\/\/www.bioecoactual.com\/wp-content\/uploads\/2026\/08\/Marco-Molier-696x662.jpg 696w, https:\/\/www.bioecoactual.com\/wp-content\/uploads\/2026\/08\/Marco-Molier-1068x1015.jpg 1068w\" sizes=\"auto, (max-width: 1200px) 100vw, 1200px\" \/><\/p>\n<p style=\"margin: 8px auto 0; text-align: center; font-size: 13px; line-height: 1.45; color: #666;\">Fotografia cedida per Marco Molier | Marco Molier, Director General de BioCore i<br \/>\nMembre del Consell d\u2019Administraci\u00f3 de BioNederland.<\/p>\n<\/div>\n<p><span style=\"font-family: georgia, palatino, serif; font-size: 14pt;\"><b>El mercat ecol\u00f2gic ha experimentat tant un r\u00e0pid creixement com una menor demanda en els darrers anys. Com descriuria la situaci\u00f3 actual?<\/b><\/span><\/p>\n<p><span style=\"font-weight: 400;\">El mercat s\u2019ha recuperat b\u00e9 despr\u00e9s de les fluctuacions excepcionals sofertes durant i immediatament despr\u00e9s de la pand\u00e8mia. Avui dia, observem un creixement anual constant al voltant del 4-5%, i aix\u00f2 \u00e9s encoratjador. Pa\u00efsos com Dinamarca, Alemanya, \u00c0ustria i Su\u00efssa segueixen marcant la pauta, per\u00f2 si Europa vol assolir els seus objectius de la iniciativa \u201cDe la granja a la taula\u201d, necessitem accelerar molt m\u00e9s.<\/span><\/p>\n<p><span style=\"font-family: georgia, palatino, serif; font-size: 14pt;\"><b>Els consumidors es preocupen cada cop m\u00e9s per la salut, la sostenibilitat i la transpar\u00e8ncia, per\u00f2 el preu continua sent una barrera. Com pot el sector ecol\u00f2gic continuar sent rellevant?<\/b><\/span><\/p>\n<p><span style=\"font-weight: 400;\">La transpar\u00e8ncia s\u2019ha convertit en una de les nostres oportunitats m\u00e9s grans. La gent vol saber qu\u00e8 contenen els aliments, com es produeixen i d\u2019on provenen. L\u2019agricultura ecol\u00f2gica t\u00e9 una hist\u00f2ria fascinant per explicar: no nom\u00e9s sobre evitar els productes qu\u00edmics sint\u00e8tics, sin\u00f3 tamb\u00e9 sobre biodiversitat, s\u00f2ls sans i agricultura responsable. Tamb\u00e9 necessitem comunicar aquests beneficis de manera m\u00e9s efica\u00e7.<\/span><\/p>\n<div style=\"background: #ffffff; border-top: 3px solid #e5aa14; border-bottom: 3px solid #e5aa14; padding: 24px 0; margin: 34px 0;\">\n<p style=\"font-family: Georgia, 'Times New Roman', serif; font-size: 28px; line-height: 1.35; margin: 0; color: #111111; font-weight: bold;\">\u00abLa transpar\u00e8ncia s\u2019ha convertit en una de les nostres oportunitats m\u00e9s grans\u00bb<\/p>\n<\/div>\n<p><span style=\"font-family: georgia, palatino, serif; font-size: 14pt;\"><b>Alguns argumenten que el sector ecol\u00f2gic se centra massa en la sostenibilitat i no prou en el valor comercial. Hi esteu d\u2019acord?<\/b><\/span><\/p>\n<p><span style=\"font-weight: 400;\">Sens dubte, hi ha marge per comunicar l\u2019agricultura ecol\u00f2gica de manera diferent. La sostenibilitat continua sent fonamental, per\u00f2 les empreses i els inversors tamb\u00e9 necessiten estabilitat i certesa a llarg termini. Per aix\u00f2, una pol\u00edtica coherent \u00e9s tan important.<\/span><\/p>\n<p><span style=\"font-family: georgia, palatino, serif; font-size: 14pt;\"><b>El canvi clim\u00e0tic, les tensions geopol\u00edtiques i la inflaci\u00f3 continuen afectant les cadenes de subministrament globals. Qu\u00e8 fa que una cadena de subministrament ecol\u00f2gica sigui resilient avui dia?<\/b><\/span><\/p>\n<p><span style=\"font-weight: 400;\">Per a nosaltres, a BioCore, la resili\u00e8ncia comen\u00e7a amb un comprom\u00eds a llarg termini. Els mercats travessen per\u00edodes d\u2019escassetat i abund\u00e0ncia, per\u00f2 la nostra responsabilitat \u00e9s donar suport als nostres agricultors ecol\u00f2gics a ambd\u00f3s escenaris. Quan ens comprometem amb els nostres pagesos, mantenim el nostre comprom\u00eds tant en els bons com en els mals temps.<\/span><\/p>\n<div style=\"background: #ffffff; border-top: 3px solid #e5aa14; border-bottom: 3px solid #e5aa14; padding: 24px 0; margin: 34px 0;\">\n<p style=\"font-family: Georgia, 'Times New Roman', serif; font-size: 28px; line-height: 1.35; margin: 0; color: #111111; font-weight: bold;\">\u00abQuan ens comprometem amb els nostres pagesos, mantenim el nostre comprom\u00eds tant en els bons com en els mals temps\u00bb<\/p>\n<\/div>\n<p><span style=\"font-family: georgia, palatino, serif; font-size: 14pt;\"><b>On observa actualment la innovaci\u00f3 m\u00e9s interessant al sector ecol\u00f2gic?<\/b><\/span><\/p>\n<p><span style=\"font-weight: 400;\">La innovaci\u00f3 \u00e9s present a tot arreu. A les explotacions agr\u00edcoles, la rob\u00f2tica, els drons i l\u2019agricultura de precisi\u00f3 contribuiran a millorar l\u2019efici\u00e8ncia i reduir els costos. Al mateix temps, les marques ecol\u00f2giques continuen liderant la innovaci\u00f3 aliment\u00e0ria, des de productes d\u2019origen vegetal fins a begudes funcionals i conceptes de productes totalment nous.<\/span><\/p>\n<p><span style=\"font-family: georgia, palatino, serif; font-size: 14pt;\"><b>Com a membre del consell d\u2019administraci\u00f3 de BioNederland, quines creieu que haurien de ser les principals prioritats de l\u2019organitzaci\u00f3 en els propers anys?<\/b><\/span><\/p>\n<p><span style=\"font-weight: 400;\">Diverses prioritats estrat\u00e8giques. La principal \u00e9s estimular la demanda dels consumidors. A m\u00e9s a m\u00e9s, necessitem treballar en igualtat de condicions per a les empreses ecol\u00f2giques. Aix\u00f2 significa reduir els costos de certificaci\u00f3 i registre, simplificar els requisits administratius i disminuir les c\u00e0rregues innecess\u00e0ries a tota la cadena de subministrament.<\/span><\/p>\n<p><span style=\"font-family: georgia, palatino, serif; font-size: 14pt;\"><b>Despr\u00e9s de molts anys al sector ecol\u00f2gic, qu\u00e8 el segueix inspirant?<\/b><\/span><\/p>\n<p><span style=\"font-weight: 400;\">Quan vaig comen\u00e7ar la meva carrera, l\u2019agricultura ecol\u00f2gica es basava principalment en la ideologia. Avui dia \u00e9s una ind\u00fastria madura, per\u00f2 la missi\u00f3 continua sent la mateixa. L\u2019agricultura ecol\u00f2gica \u00e9s una part essencial del futur de l\u2019alimentaci\u00f3 i aix\u00f2 \u00e9s el que em d\u00f3na confian\u00e7a per als propers anys.<\/span><\/p>\n<p><a href=\"https:\/\/www.bioecoactual.com\/ca\/subscripcio\/\" target=\"_blank\" rel=\"noopener noreferrer\"><strong>Subscriu-te<\/strong><\/a><strong> a la Newsletter i rep cada mes Bio Eco Actual gratis al teu correu<\/strong><\/p>\n<p><strong><em>Bio Eco Actual<\/em><\/strong>, <em>el teu mensual 100% ecol\u00f2gic<\/em><strong><br \/>\n<\/strong><a href=\"https:\/\/www.bioecoactual.com\/wp-content\/uploads\/2026\/08\/BioEcoActual_Setembre_2026.pdf\" target=\"_blank\" rel=\"noopener noreferrer\"><strong> Llegir Bio Eco Actual Setembre 2026<\/strong><\/a><\/p>\n<p><iframe style=\"border: none; width: 100%; height: 520px;\" src=\"\/\/e.issuu.com\/embed.html?d=bioecoactual_setembre_2026&amp;hideIssuuLogo=true&amp;showOtherPublicationsAsSuggestions=true&amp;u=bioecoactual\" allowfullscreen=\"allowfullscreen\"> <\/iframe><\/p>\n","protected":false},"excerpt":{"rendered":"<p>El mercat ecol&ograve;gic europeu ha tornat a cr&eacute;ixer, per&ograve;, segons Marco Molier, hauria d&rsquo;accelerar molt m&eacute;s. En aquesta entrevista, el director general de BioCore i membre del Consell d&rsquo;Administraci&oacute; de BioNederland comparteix la seva visi&oacute; sobre el comportament dels consumidors, les cadenes de subministrament resilients, la regulaci&oacute;, la innovaci&oacute; i per qu&egrave; considera que l&rsquo;ecol&ograve;gic [&hellip;]<\/p>\n","protected":false},"author":592,"featured_media":128316,"comment_status":"closed","ping_status":"closed","sticky":false,"template":"","format":"standard","meta":{"footnotes":""},"categories":[7173],"tags":[],"class_list":["post-128319","post","type-post","status-publish","format-standard","has-post-thumbnail","category-professional"],"yoast_head":"<!-- This site is optimized with the Yoast SEO Premium plugin v28.4 (Yoast SEO v28.4) - https:\/\/yoast.com\/product\/yoast-seo-premium-wordpress\/ -->\n<title>\u00abLa transpar\u00e8ncia s\u2019ha convertit en una de les nostres oportunitats m\u00e9s grans\u00bb. Entrevista a Marco Molier, Director General de BioCore - Bio Eco Actual<\/title>\n<meta name=\"description\" content=\"Marco Molier, director general de BioCore i membre del Consell d\u2019Administraci\u00f3 de BioNederland, analitza el mercat ecol\u00f2gic europeu.\" \/>\n<meta name=\"robots\" content=\"index, follow, max-snippet:-1, max-image-preview:large, max-video-preview:-1\" \/>\n<link rel=\"canonical\" href=\"https:\/\/www.bioecoactual.com\/ca\/2026\/09\/04\/marco-molier-mercat-ecologic-europeu\/\" \/>\n<meta property=\"og:locale\" content=\"ca_ES\" \/>\n<meta property=\"og:type\" content=\"article\" \/>\n<meta property=\"og:title\" content=\"\u00abLa transpar\u00e8ncia s\u2019ha convertit en una de les nostres oportunitats m\u00e9s grans\u00bb. Entrevista a Marco Molier, Director General de BioCore\" \/>\n<meta property=\"og:description\" content=\"Marco Molier, director general de BioCore i membre del Consell d\u2019Administraci\u00f3 de BioNederland, analitza el mercat ecol\u00f2gic europeu.\" \/>\n<meta property=\"og:url\" content=\"https:\/\/www.bioecoactual.com\/ca\/2026\/09\/04\/marco-molier-mercat-ecologic-europeu\/\" \/>\n<meta property=\"og:site_name\" content=\"Bio Eco Actual\" \/>\n<meta property=\"article:publisher\" content=\"https:\/\/www.facebook.com\/BioEcoActual\/\" \/>\n<meta property=\"article:published_time\" content=\"2026-09-04T06:00:08+00:00\" \/>\n<meta property=\"og:image\" content=\"https:\/\/www.bioecoactual.com\/wp-content\/uploads\/2026\/08\/Marco-Molier.jpg\" \/>\n\t<meta property=\"og:image:width\" content=\"1200\" \/>\n\t<meta property=\"og:image:height\" content=\"1141\" \/>\n\t<meta property=\"og:image:type\" content=\"image\/jpeg\" \/>\n<meta name=\"author\" content=\"Julia\" \/>\n<meta name=\"twitter:card\" content=\"summary_large_image\" \/>\n<meta name=\"twitter:creator\" content=\"@bioecoactual\" \/>\n<meta name=\"twitter:site\" content=\"@bioecoactual\" \/>\n<meta name=\"twitter:label1\" content=\"Written by\" \/>\n\t<meta name=\"twitter:data1\" content=\"Julia\" \/>\n\t<meta name=\"twitter:label2\" content=\"Est. reading time\" \/>\n\t<meta name=\"twitter:data2\" content=\"4 minutes\" \/>\n<script type=\"application\/ld+json\" class=\"yoast-schema-graph\">{\"@context\":\"https:\\\/\\\/schema.org\",\"@graph\":[{\"@type\":\"Article\",\"@id\":\"https:\\\/\\\/www.bioecoactual.com\\\/ca\\\/2026\\\/09\\\/04\\\/marco-molier-mercat-ecologic-europeu\\\/#article\",\"isPartOf\":{\"@id\":\"https:\\\/\\\/www.bioecoactual.com\\\/ca\\\/2026\\\/09\\\/04\\\/marco-molier-mercat-ecologic-europeu\\\/\"},\"author\":{\"name\":\"Julia\",\"@id\":\"https:\\\/\\\/www.bioecoactual.com\\\/ca\\\/#\\\/schema\\\/person\\\/1917425621d12045530837796be26ce4\"},\"headline\":\"\u00abLa transpar\u00e8ncia s\u2019ha convertit en una de les nostres oportunitats m\u00e9s grans\u00bb. Entrevista a Marco Molier, Director General de BioCore\",\"datePublished\":\"2026-09-04T06:00:08+00:00\",\"mainEntityOfPage\":{\"@id\":\"https:\\\/\\\/www.bioecoactual.com\\\/ca\\\/2026\\\/09\\\/04\\\/marco-molier-mercat-ecologic-europeu\\\/\"},\"wordCount\":761,\"publisher\":{\"@id\":\"https:\\\/\\\/www.bioecoactual.com\\\/ca\\\/#organization\"},\"image\":{\"@id\":\"https:\\\/\\\/www.bioecoactual.com\\\/ca\\\/2026\\\/09\\\/04\\\/marco-molier-mercat-ecologic-europeu\\\/#primaryimage\"},\"thumbnailUrl\":\"https:\\\/\\\/www.bioecoactual.com\\\/wp-content\\\/uploads\\\/2026\\\/08\\\/Marco-Molier.jpg\",\"articleSection\":[\"Sector Ecol\u00f2gic (Professional)\"],\"inLanguage\":\"ca-ES\"},{\"@type\":\"WebPage\",\"@id\":\"https:\\\/\\\/www.bioecoactual.com\\\/ca\\\/2026\\\/09\\\/04\\\/marco-molier-mercat-ecologic-europeu\\\/\",\"url\":\"https:\\\/\\\/www.bioecoactual.com\\\/ca\\\/2026\\\/09\\\/04\\\/marco-molier-mercat-ecologic-europeu\\\/\",\"name\":\"\u00abLa transpar\u00e8ncia s\u2019ha convertit en una de les nostres oportunitats m\u00e9s grans\u00bb. Entrevista a Marco Molier, Director General de BioCore - Bio Eco Actual\",\"isPartOf\":{\"@id\":\"https:\\\/\\\/www.bioecoactual.com\\\/ca\\\/#website\"},\"primaryImageOfPage\":{\"@id\":\"https:\\\/\\\/www.bioecoactual.com\\\/ca\\\/2026\\\/09\\\/04\\\/marco-molier-mercat-ecologic-europeu\\\/#primaryimage\"},\"image\":{\"@id\":\"https:\\\/\\\/www.bioecoactual.com\\\/ca\\\/2026\\\/09\\\/04\\\/marco-molier-mercat-ecologic-europeu\\\/#primaryimage\"},\"thumbnailUrl\":\"https:\\\/\\\/www.bioecoactual.com\\\/wp-content\\\/uploads\\\/2026\\\/08\\\/Marco-Molier.jpg\",\"datePublished\":\"2026-09-04T06:00:08+00:00\",\"description\":\"Marco Molier, director general de BioCore i membre del Consell d\u2019Administraci\u00f3 de BioNederland, analitza el mercat ecol\u00f2gic europeu.\",\"breadcrumb\":{\"@id\":\"https:\\\/\\\/www.bioecoactual.com\\\/ca\\\/2026\\\/09\\\/04\\\/marco-molier-mercat-ecologic-europeu\\\/#breadcrumb\"},\"inLanguage\":\"ca-ES\",\"potentialAction\":[{\"@type\":\"ReadAction\",\"target\":[\"https:\\\/\\\/www.bioecoactual.com\\\/ca\\\/2026\\\/09\\\/04\\\/marco-molier-mercat-ecologic-europeu\\\/\"]}]},{\"@type\":\"ImageObject\",\"inLanguage\":\"ca-ES\",\"@id\":\"https:\\\/\\\/www.bioecoactual.com\\\/ca\\\/2026\\\/09\\\/04\\\/marco-molier-mercat-ecologic-europeu\\\/#primaryimage\",\"url\":\"https:\\\/\\\/www.bioecoactual.com\\\/wp-content\\\/uploads\\\/2026\\\/08\\\/Marco-Molier.jpg\",\"contentUrl\":\"https:\\\/\\\/www.bioecoactual.com\\\/wp-content\\\/uploads\\\/2026\\\/08\\\/Marco-Molier.jpg\",\"width\":1200,\"height\":1141,\"caption\":\"Fotograf\u00eda cedida por Marco Molier | Marco Molier, Director General de BioCore y Miembro del Consejo de Administraci\u00f3n de BioNederland.\"},{\"@type\":\"BreadcrumbList\",\"@id\":\"https:\\\/\\\/www.bioecoactual.com\\\/ca\\\/2026\\\/09\\\/04\\\/marco-molier-mercat-ecologic-europeu\\\/#breadcrumb\",\"itemListElement\":[{\"@type\":\"ListItem\",\"position\":1,\"name\":\"Portada\",\"item\":\"https:\\\/\\\/www.bioecoactual.com\\\/ca\\\/\"},{\"@type\":\"ListItem\",\"position\":2,\"name\":\"\u00abLa transpar\u00e8ncia s\u2019ha convertit en una de les nostres oportunitats m\u00e9s grans\u00bb. Entrevista a Marco Molier, Director General de BioCore\"}]},{\"@type\":\"WebSite\",\"@id\":\"https:\\\/\\\/www.bioecoactual.com\\\/ca\\\/#website\",\"url\":\"https:\\\/\\\/www.bioecoactual.com\\\/ca\\\/\",\"name\":\"Bio Eco Actual\",\"description\":\"Alimentaci\u00f3n Ecol\u00f3gica\",\"publisher\":{\"@id\":\"https:\\\/\\\/www.bioecoactual.com\\\/ca\\\/#organization\"},\"potentialAction\":[{\"@type\":\"SearchAction\",\"target\":{\"@type\":\"EntryPoint\",\"urlTemplate\":\"https:\\\/\\\/www.bioecoactual.com\\\/ca\\\/?s={search_term_string}\"},\"query-input\":{\"@type\":\"PropertyValueSpecification\",\"valueRequired\":true,\"valueName\":\"search_term_string\"}}],\"inLanguage\":\"ca-ES\"},{\"@type\":\"Organization\",\"@id\":\"https:\\\/\\\/www.bioecoactual.com\\\/ca\\\/#organization\",\"name\":\"Bio Eco Actual\",\"url\":\"https:\\\/\\\/www.bioecoactual.com\\\/ca\\\/\",\"logo\":{\"@type\":\"ImageObject\",\"inLanguage\":\"ca-ES\",\"@id\":\"https:\\\/\\\/www.bioecoactual.com\\\/ca\\\/#\\\/schema\\\/logo\\\/image\\\/\",\"url\":\"https:\\\/\\\/www.bioecoactual.com\\\/wp-content\\\/uploads\\\/2022\\\/01\\\/BIOECO_CUADRADO_LOGO.png\",\"contentUrl\":\"https:\\\/\\\/www.bioecoactual.com\\\/wp-content\\\/uploads\\\/2022\\\/01\\\/BIOECO_CUADRADO_LOGO.png\",\"width\":8192,\"height\":8192,\"caption\":\"Bio Eco Actual\"},\"image\":{\"@id\":\"https:\\\/\\\/www.bioecoactual.com\\\/ca\\\/#\\\/schema\\\/logo\\\/image\\\/\"},\"sameAs\":[\"https:\\\/\\\/www.facebook.com\\\/BioEcoActual\\\/\",\"https:\\\/\\\/x.com\\\/bioecoactual\",\"https:\\\/\\\/www.linkedin.com\\\/in\\\/bioecoactual\\\/\"]},{\"@type\":\"Person\",\"@id\":\"https:\\\/\\\/www.bioecoactual.com\\\/ca\\\/#\\\/schema\\\/person\\\/1917425621d12045530837796be26ce4\",\"name\":\"Julia\",\"image\":{\"@type\":\"ImageObject\",\"inLanguage\":\"ca-ES\",\"@id\":\"https:\\\/\\\/secure.gravatar.com\\\/avatar\\\/0ae7f1d9b7841d6bac72ee70f9533f6d815d98ebf40ef3a321812da63d66427d?s=96&d=mm&r=g\",\"url\":\"https:\\\/\\\/secure.gravatar.com\\\/avatar\\\/0ae7f1d9b7841d6bac72ee70f9533f6d815d98ebf40ef3a321812da63d66427d?s=96&d=mm&r=g\",\"contentUrl\":\"https:\\\/\\\/secure.gravatar.com\\\/avatar\\\/0ae7f1d9b7841d6bac72ee70f9533f6d815d98ebf40ef3a321812da63d66427d?s=96&d=mm&r=g\",\"caption\":\"Julia\"},\"url\":\"https:\\\/\\\/www.bioecoactual.com\\\/ca\\\/author\\\/julia\\\/\"}]}<\/script>\n<!-- \/ Yoast SEO Premium plugin. -->","yoast_head_json":{"title":"\u00abLa transpar\u00e8ncia s\u2019ha convertit en una de les nostres oportunitats m\u00e9s grans\u00bb. Entrevista a Marco Molier, Director General de BioCore - Bio Eco Actual","description":"Marco Molier, director general de BioCore i membre del Consell d\u2019Administraci\u00f3 de BioNederland, analitza el mercat ecol\u00f2gic europeu.","robots":{"index":"index","follow":"follow","max-snippet":"max-snippet:-1","max-image-preview":"max-image-preview:large","max-video-preview":"max-video-preview:-1"},"canonical":"https:\/\/www.bioecoactual.com\/ca\/2026\/09\/04\/marco-molier-mercat-ecologic-europeu\/","og_locale":"ca_ES","og_type":"article","og_title":"\u00abLa transpar\u00e8ncia s\u2019ha convertit en una de les nostres oportunitats m\u00e9s grans\u00bb. Entrevista a Marco Molier, Director General de BioCore","og_description":"Marco Molier, director general de BioCore i membre del Consell d\u2019Administraci\u00f3 de BioNederland, analitza el mercat ecol\u00f2gic europeu.","og_url":"https:\/\/www.bioecoactual.com\/ca\/2026\/09\/04\/marco-molier-mercat-ecologic-europeu\/","og_site_name":"Bio Eco Actual","article_publisher":"https:\/\/www.facebook.com\/BioEcoActual\/","article_published_time":"2026-09-04T06:00:08+00:00","og_image":[{"width":1200,"height":1141,"url":"https:\/\/www.bioecoactual.com\/wp-content\/uploads\/2026\/08\/Marco-Molier.jpg","type":"image\/jpeg"}],"author":"Julia","twitter_card":"summary_large_image","twitter_creator":"@bioecoactual","twitter_site":"@bioecoactual","twitter_misc":{"Written by":"Julia","Est. reading time":"4 minutes"},"schema":{"@context":"https:\/\/schema.org","@graph":[{"@type":"Article","@id":"https:\/\/www.bioecoactual.com\/ca\/2026\/09\/04\/marco-molier-mercat-ecologic-europeu\/#article","isPartOf":{"@id":"https:\/\/www.bioecoactual.com\/ca\/2026\/09\/04\/marco-molier-mercat-ecologic-europeu\/"},"author":{"name":"Julia","@id":"https:\/\/www.bioecoactual.com\/ca\/#\/schema\/person\/1917425621d12045530837796be26ce4"},"headline":"\u00abLa transpar\u00e8ncia s\u2019ha convertit en una de les nostres oportunitats m\u00e9s grans\u00bb. Entrevista a Marco Molier, Director General de BioCore","datePublished":"2026-09-04T06:00:08+00:00","mainEntityOfPage":{"@id":"https:\/\/www.bioecoactual.com\/ca\/2026\/09\/04\/marco-molier-mercat-ecologic-europeu\/"},"wordCount":761,"publisher":{"@id":"https:\/\/www.bioecoactual.com\/ca\/#organization"},"image":{"@id":"https:\/\/www.bioecoactual.com\/ca\/2026\/09\/04\/marco-molier-mercat-ecologic-europeu\/#primaryimage"},"thumbnailUrl":"https:\/\/www.bioecoactual.com\/wp-content\/uploads\/2026\/08\/Marco-Molier.jpg","articleSection":["Sector Ecol\u00f2gic (Professional)"],"inLanguage":"ca-ES"},{"@type":"WebPage","@id":"https:\/\/www.bioecoactual.com\/ca\/2026\/09\/04\/marco-molier-mercat-ecologic-europeu\/","url":"https:\/\/www.bioecoactual.com\/ca\/2026\/09\/04\/marco-molier-mercat-ecologic-europeu\/","name":"\u00abLa transpar\u00e8ncia s\u2019ha convertit en una de les nostres oportunitats m\u00e9s grans\u00bb. Entrevista a Marco Molier, Director General de BioCore - Bio Eco Actual","isPartOf":{"@id":"https:\/\/www.bioecoactual.com\/ca\/#website"},"primaryImageOfPage":{"@id":"https:\/\/www.bioecoactual.com\/ca\/2026\/09\/04\/marco-molier-mercat-ecologic-europeu\/#primaryimage"},"image":{"@id":"https:\/\/www.bioecoactual.com\/ca\/2026\/09\/04\/marco-molier-mercat-ecologic-europeu\/#primaryimage"},"thumbnailUrl":"https:\/\/www.bioecoactual.com\/wp-content\/uploads\/2026\/08\/Marco-Molier.jpg","datePublished":"2026-09-04T06:00:08+00:00","description":"Marco Molier, director general de BioCore i membre del Consell d\u2019Administraci\u00f3 de BioNederland, analitza el mercat ecol\u00f2gic europeu.","breadcrumb":{"@id":"https:\/\/www.bioecoactual.com\/ca\/2026\/09\/04\/marco-molier-mercat-ecologic-europeu\/#breadcrumb"},"inLanguage":"ca-ES","potentialAction":[{"@type":"ReadAction","target":["https:\/\/www.bioecoactual.com\/ca\/2026\/09\/04\/marco-molier-mercat-ecologic-europeu\/"]}]},{"@type":"ImageObject","inLanguage":"ca-ES","@id":"https:\/\/www.bioecoactual.com\/ca\/2026\/09\/04\/marco-molier-mercat-ecologic-europeu\/#primaryimage","url":"https:\/\/www.bioecoactual.com\/wp-content\/uploads\/2026\/08\/Marco-Molier.jpg","contentUrl":"https:\/\/www.bioecoactual.com\/wp-content\/uploads\/2026\/08\/Marco-Molier.jpg","width":1200,"height":1141,"caption":"Fotograf\u00eda cedida por Marco Molier | Marco Molier, Director General de BioCore y Miembro del Consejo de Administraci\u00f3n de BioNederland."},{"@type":"BreadcrumbList","@id":"https:\/\/www.bioecoactual.com\/ca\/2026\/09\/04\/marco-molier-mercat-ecologic-europeu\/#breadcrumb","itemListElement":[{"@type":"ListItem","position":1,"name":"Portada","item":"https:\/\/www.bioecoactual.com\/ca\/"},{"@type":"ListItem","position":2,"name":"\u00abLa transpar\u00e8ncia s\u2019ha convertit en una de les nostres oportunitats m\u00e9s grans\u00bb. Entrevista a Marco Molier, Director General de BioCore"}]},{"@type":"WebSite","@id":"https:\/\/www.bioecoactual.com\/ca\/#website","url":"https:\/\/www.bioecoactual.com\/ca\/","name":"Bio Eco Actual","description":"Alimentaci\u00f3n Ecol\u00f3gica","publisher":{"@id":"https:\/\/www.bioecoactual.com\/ca\/#organization"},"potentialAction":[{"@type":"SearchAction","target":{"@type":"EntryPoint","urlTemplate":"https:\/\/www.bioecoactual.com\/ca\/?s={search_term_string}"},"query-input":{"@type":"PropertyValueSpecification","valueRequired":true,"valueName":"search_term_string"}}],"inLanguage":"ca-ES"},{"@type":"Organization","@id":"https:\/\/www.bioecoactual.com\/ca\/#organization","name":"Bio Eco Actual","url":"https:\/\/www.bioecoactual.com\/ca\/","logo":{"@type":"ImageObject","inLanguage":"ca-ES","@id":"https:\/\/www.bioecoactual.com\/ca\/#\/schema\/logo\/image\/","url":"https:\/\/www.bioecoactual.com\/wp-content\/uploads\/2022\/01\/BIOECO_CUADRADO_LOGO.png","contentUrl":"https:\/\/www.bioecoactual.com\/wp-content\/uploads\/2022\/01\/BIOECO_CUADRADO_LOGO.png","width":8192,"height":8192,"caption":"Bio Eco Actual"},"image":{"@id":"https:\/\/www.bioecoactual.com\/ca\/#\/schema\/logo\/image\/"},"sameAs":["https:\/\/www.facebook.com\/BioEcoActual\/","https:\/\/x.com\/bioecoactual","https:\/\/www.linkedin.com\/in\/bioecoactual\/"]},{"@type":"Person","@id":"https:\/\/www.bioecoactual.com\/ca\/#\/schema\/person\/1917425621d12045530837796be26ce4","name":"Julia","image":{"@type":"ImageObject","inLanguage":"ca-ES","@id":"https:\/\/secure.gravatar.com\/avatar\/0ae7f1d9b7841d6bac72ee70f9533f6d815d98ebf40ef3a321812da63d66427d?s=96&d=mm&r=g","url":"https:\/\/secure.gravatar.com\/avatar\/0ae7f1d9b7841d6bac72ee70f9533f6d815d98ebf40ef3a321812da63d66427d?s=96&d=mm&r=g","contentUrl":"https:\/\/secure.gravatar.com\/avatar\/0ae7f1d9b7841d6bac72ee70f9533f6d815d98ebf40ef3a321812da63d66427d?s=96&d=mm&r=g","caption":"Julia"},"url":"https:\/\/www.bioecoactual.com\/ca\/author\/julia\/"}]}},"_links":{"self":[{"href":"https:\/\/www.bioecoactual.com\/ca\/wp-json\/wp\/v2\/posts\/128319","targetHints":{"allow":["GET"]}}],"collection":[{"href":"https:\/\/www.bioecoactual.com\/ca\/wp-json\/wp\/v2\/posts"}],"about":[{"href":"https:\/\/www.bioecoactual.com\/ca\/wp-json\/wp\/v2\/types\/post"}],"author":[{"embeddable":true,"href":"https:\/\/www.bioecoactual.com\/ca\/wp-json\/wp\/v2\/users\/592"}],"replies":[{"embeddable":true,"href":"https:\/\/www.bioecoactual.com\/ca\/wp-json\/wp\/v2\/comments?post=128319"}],"version-history":[{"count":2,"href":"https:\/\/www.bioecoactual.com\/ca\/wp-json\/wp\/v2\/posts\/128319\/revisions"}],"predecessor-version":[{"id":128550,"href":"https:\/\/www.bioecoactual.com\/ca\/wp-json\/wp\/v2\/posts\/128319\/revisions\/128550"}],"wp:featuredmedia":[{"embeddable":true,"href":"https:\/\/www.bioecoactual.com\/ca\/wp-json\/wp\/v2\/media\/128316"}],"wp:attachment":[{"href":"https:\/\/www.bioecoactual.com\/ca\/wp-json\/wp\/v2\/media?parent=128319"}],"wp:term":[{"taxonomy":"category","embeddable":true,"href":"https:\/\/www.bioecoactual.com\/ca\/wp-json\/wp\/v2\/categories?post=128319"},{"taxonomy":"post_tag","embeddable":true,"href":"https:\/\/www.bioecoactual.com\/ca\/wp-json\/wp\/v2\/tags?post=128319"}],"curies":[{"name":"wp","href":"https:\/\/api.w.org\/{rel}","templated":true}]}}