{"id":128411,"date":"2026-08-31T10:24:35","date_gmt":"2026-08-31T08:24:35","guid":{"rendered":"https:\/\/www.bioecoactual.com\/?p=128411"},"modified":"2026-08-31T10:24:35","modified_gmt":"2026-08-31T08:24:35","slug":"veritas-supermercat-sagrada-familia-barcelona","status":"publish","type":"post","link":"https:\/\/www.bioecoactual.com\/ca\/2026\/08\/31\/veritas-supermercat-sagrada-familia-barcelona\/","title":{"rendered":"Veritas s\u2019apropa als 100 supermercats amb l\u2019arribada al barri de la Sagrada Fam\u00edlia"},"content":{"rendered":"<p>Veritas s\u2019acosta amb pas ferm al centenar de supermercats, amb l\u2019obertura d\u2019un nou punt de venda al barri de la Sagrada Fam\u00edlia, a Barcelona. <!--more--><\/p>\n<figure id=\"attachment_125962\" aria-describedby=\"caption-attachment-125962\" style=\"width: 1200px\" class=\"wp-caption aligncenter\"><img loading=\"lazy\" decoding=\"async\" class=\"wp-image-125962 size-full\" style=\"width: 100%; height: auto; display: block; border-radius: 28px; box-shadow: 0 18px 42px rgba(0,0,0,0.12); overflow: hidden;\" src=\"https:\/\/www.bioecoactual.com\/wp-content\/uploads\/2026\/08\/Sagrada-Familia.jpg\" alt=\"Sagrada-Familia\" width=\"1200\" height=\"900\" \/><figcaption id=\"caption-attachment-125962\" class=\"wp-caption-text\">Fotografia cedida per Veritas. Fa\u00e7ana del nou supermercat de Veritas al barri de la Sagrada Fam\u00edlia.<\/figcaption><\/figure>\n<p>En total, Veritas compta amb 98 supermercats (a m\u00e9s de la botiga en l\u00ednia), distribu\u00efts a les comunitats de Catalunya, Pa\u00eds Basc, Navarra, Illes Balears, Comunitat de Madrid, Comunitat Valenciana, Andalusia i Gal\u00edcia, a m\u00e9s d&#8217;Andorra.<\/p>\n<p>Despr\u00e9s de l&#8217;obertura l&#8217;any passat a l&#8217;<a href=\"https:\/\/www.bioecoactual.com\/ca\/2025\/10\/27\/veritas-edifici-estel-parc-comercial-90-supermercats\/\" target=\"_blank\" rel=\"noopener\">emblem\u00e0tic edifici Estel<\/a> (antiga seu de Telef\u00f3nica), Veritas torna a estrenar un establiment a Barcelona, ciutat que va veure n\u00e9ixer la companyia fa m\u00e9s de 24 anys. Amb aquest nou punt de venda, ubicat al carrer Mallorca 435 (al costat de Padilla), Veritas suma ja 27 establiments a la capital catalana, consolidant Catalunya com a l\u00edder del seu parc comercial, amb 55 botigues.<\/p>\n<p>El nou supermercat, amb una oferta de m\u00e9s de 6.000 productes amb certificaci\u00f3 ecol\u00f2gica, pujar\u00e0 la persiana aquest dijous, 3 de setembre, en un local amb una superf\u00edcie de venda de 300 metres quadrats i que generar\u00e0 8 llocs de treball directes prioritzant activament l&#8217;ocupaci\u00f3 local. Veritas prossegueix a Barcelona amb l&#8217;objectiu d&#8217;apropar l&#8217;alimentaci\u00f3 ecol\u00f2gica a m\u00e9s llars i una aposta decidida pel producte de proximitat. Dins del projecte Fulla Verda, una part de les verdures que s&#8217;exposaran di\u00e0riament al punt de venda, s\u00f3n pr\u00e8viament recollides a les 7h del mat\u00ed a productors de fruita i verdura del parc agrari del Baix Llobregat.<\/p>\n<p>L&#8217;establiment, que disposa de p\u00e0rquing gratu\u00eft d&#8217;una hora per als seus clients, tindr\u00e0 un horari d&#8217;atenci\u00f3 al p\u00fablic de 9.00 a 21.30 hores en horari d&#8217;estiu, de dilluns a dissabte. Com a servei complementari al supermercat, a m\u00e9s d&#8217;un forn de lliure servei, tamb\u00e9 hi ha disponible un servei de cafeteria take away, l&#8217;enviament a domicili i el servei Click &amp; Collect per potenciar l&#8217;experi\u00e8ncia omnicanal.<\/p>\n<p>Veritas creu decididament en un model ecol\u00f2gic, en qu\u00e8 tots els productes agr\u00edcoles estan cultivats sense adob ni pesticides de s\u00edntesi qu\u00edmica. De fet, tota l&#8217;oferta d&#8217;aliments a Veritas t\u00e9 certificaci\u00f3 ecol\u00f2gica, \u00e9s sostenible i socialment justa. Als lineals destaquen especialment les m\u00e9s de 550 refer\u00e8ncies de marca pr\u00f2pia, una combinaci\u00f3 que aposta pel sabor, la qualitat i un preu competitiu.<\/p>\n<h2>Creixement continuat<\/h2>\n<p>Amb el de Barcelona, Veritas ja ha inaugurat 5 nous supermercats durant aquest 2026, despr\u00e9s dels centres de Mijas, Donostia, Marbella i la Corunya. Una xifra que, com explica Anselmo M\u00e9ndez, director general de Veritas, continuar\u00e0 en augment fins a final d&#8217;any: \u201cEn aquest 2026 arribarem als 100 punts de venda, amb el clar objectiu d&#8217;incrementar la penetraci\u00f3 del producte ecol\u00f2gic a les llars. Ens fa una especial il\u00b7lusi\u00f3 tornar a obrir a Barcelona, on va comen\u00e7ar Veritas fa gaireb\u00e9 25 anys i des d\u2019on seguim refor\u00e7ant un projecte que es mant\u00e9 fidel als seus valors i principis fundacionals. Volem mantenir la nostra posici\u00f3 de lideratge alhora que reforcem la nostra voluntat de conscienciaci\u00f3 i l&#8217;educaci\u00f3 del consumidor per contribuir a la salut de les persones i del planeta\u201d.<\/p>\n<p>L\u2019obertura al barri de la Sagrada Fam\u00edlia reflecteix la solidesa operativa Veritas, que va tancar l\u2019exercici del 2025 amb una facturaci\u00f3 r\u00e8cord de 140 milions d\u2019euros. Aix\u00f2 suposa un creixement a doble d\u00edgit del 14% en comparaci\u00f3 dels 122 milions d&#8217;euros ingressats l&#8217;any anterior. Aquest creixement est\u00e0 recolzat tant per un augment de vendes com per una estrat\u00e8gia d&#8217;expansi\u00f3 nacional, que prossegueix de manera ambiciosa durant aquest 2026.<\/p>\n<ul>\n<li><strong>M\u00e9s informaci\u00f3 a<a href=\"https:\/\/www.veritas.es\/ca\/\" target=\"_blank\" rel=\"noopener\"> www.veritas.es\/ca\/<\/a><\/strong><\/li>\n<\/ul>\n<p><a href=\"https:\/\/www.bioecoactual.com\/ca\/subscripcio\/\" target=\"_blank\" rel=\"noopener noreferrer\"><strong>Subscriu-te<\/strong><\/a><strong> a la Newsletter i rep cada mes Bio Eco Actual gratis al teu correu<\/strong><\/p>\n<p><strong><em>Bio Eco Actual<\/em><\/strong>, <em>el teu mensual 100% ecol\u00f2gic<\/em><strong><br \/>\n<\/strong><a href=\"https:\/\/www.bioecoactual.com\/wp-content\/uploads\/2026\/07\/BioEcoActual_Agost_2026.pdf\" target=\"_blank\" rel=\"noopener noreferrer\"><strong> Llegir Bio Eco Actual Agost 2026<\/strong><\/a><\/p>\n<p><iframe style=\"border: none; width: 100%; height: 520px;\" src=\"\/\/e.issuu.com\/embed.html?d=bioecoactual_agost_2026&amp;hideIssuuLogo=true&amp;showOtherPublicationsAsSuggestions=true&amp;u=bioecoactual\" allowfullscreen=\"allowfullscreen\"> <\/iframe><\/p>\n","protected":false},"excerpt":{"rendered":"<p>Veritas s&rsquo;acosta amb pas ferm al centenar de supermercats, amb l&rsquo;obertura d&rsquo;un nou punt de venda al barri de la Sagrada Fam&iacute;lia, a Barcelona.<\/p>\n","protected":false},"author":592,"featured_media":128408,"comment_status":"closed","ping_status":"closed","sticky":false,"template":"","format":"standard","meta":{"footnotes":""},"categories":[7173],"tags":[],"class_list":["post-128411","post","type-post","status-publish","format-standard","has-post-thumbnail","category-professional"],"yoast_head":"<!-- This site is optimized with the Yoast SEO Premium plugin v28.3 (Yoast SEO v28.3) - https:\/\/yoast.com\/product\/yoast-seo-premium-wordpress\/ -->\n<title>Veritas s\u2019apropa als 100 supermercats amb l\u2019arribada al barri de la Sagrada Fam\u00edlia - Bio Eco Actual<\/title>\n<meta name=\"description\" content=\"Veritas obre un nou supermercat ecol\u00f2gic al barri de la Sagrada Fam\u00edlia de Barcelona i arriba als 98 establiments.\" \/>\n<meta name=\"robots\" content=\"index, follow, max-snippet:-1, max-image-preview:large, max-video-preview:-1\" \/>\n<link rel=\"canonical\" href=\"https:\/\/www.bioecoactual.com\/ca\/2026\/08\/31\/veritas-supermercat-sagrada-familia-barcelona\/\" \/>\n<meta property=\"og:locale\" content=\"ca_ES\" \/>\n<meta property=\"og:type\" content=\"article\" \/>\n<meta property=\"og:title\" content=\"Veritas s\u2019apropa als 100 supermercats amb l\u2019arribada al barri de la Sagrada Fam\u00edlia\" \/>\n<meta property=\"og:description\" content=\"Veritas obre un nou supermercat ecol\u00f2gic al barri de la Sagrada Fam\u00edlia de Barcelona i arriba als 98 establiments.\" \/>\n<meta property=\"og:url\" content=\"https:\/\/www.bioecoactual.com\/ca\/2026\/08\/31\/veritas-supermercat-sagrada-familia-barcelona\/\" \/>\n<meta property=\"og:site_name\" content=\"Bio Eco Actual\" \/>\n<meta property=\"article:publisher\" content=\"https:\/\/www.facebook.com\/BioEcoActual\/\" \/>\n<meta property=\"article:published_time\" content=\"2026-08-31T08:24:35+00:00\" \/>\n<meta property=\"og:image\" content=\"https:\/\/www.bioecoactual.com\/wp-content\/uploads\/2026\/08\/Sagrada-Familia.jpg\" \/>\n\t<meta property=\"og:image:width\" content=\"1200\" \/>\n\t<meta property=\"og:image:height\" content=\"900\" \/>\n\t<meta property=\"og:image:type\" content=\"image\/jpeg\" \/>\n<meta name=\"author\" content=\"Julia\" \/>\n<meta name=\"twitter:card\" content=\"summary_large_image\" \/>\n<meta name=\"twitter:creator\" content=\"@bioecoactual\" \/>\n<meta name=\"twitter:site\" content=\"@bioecoactual\" \/>\n<meta name=\"twitter:label1\" content=\"Written by\" \/>\n\t<meta name=\"twitter:data1\" content=\"Julia\" \/>\n\t<meta name=\"twitter:label2\" content=\"Est. reading time\" \/>\n\t<meta name=\"twitter:data2\" content=\"4 minutes\" \/>\n<script type=\"application\/ld+json\" class=\"yoast-schema-graph\">{\"@context\":\"https:\\\/\\\/schema.org\",\"@graph\":[{\"@type\":\"Article\",\"@id\":\"https:\\\/\\\/www.bioecoactual.com\\\/ca\\\/2026\\\/08\\\/31\\\/veritas-supermercat-sagrada-familia-barcelona\\\/#article\",\"isPartOf\":{\"@id\":\"https:\\\/\\\/www.bioecoactual.com\\\/ca\\\/2026\\\/08\\\/31\\\/veritas-supermercat-sagrada-familia-barcelona\\\/\"},\"author\":{\"name\":\"Julia\",\"@id\":\"https:\\\/\\\/www.bioecoactual.com\\\/#\\\/schema\\\/person\\\/1917425621d12045530837796be26ce4\"},\"headline\":\"Veritas s\u2019apropa als 100 supermercats amb l\u2019arribada al barri de la Sagrada Fam\u00edlia\",\"datePublished\":\"2026-08-31T08:24:35+00:00\",\"mainEntityOfPage\":{\"@id\":\"https:\\\/\\\/www.bioecoactual.com\\\/ca\\\/2026\\\/08\\\/31\\\/veritas-supermercat-sagrada-familia-barcelona\\\/\"},\"wordCount\":687,\"publisher\":{\"@id\":\"https:\\\/\\\/www.bioecoactual.com\\\/#organization\"},\"image\":{\"@id\":\"https:\\\/\\\/www.bioecoactual.com\\\/ca\\\/2026\\\/08\\\/31\\\/veritas-supermercat-sagrada-familia-barcelona\\\/#primaryimage\"},\"thumbnailUrl\":\"https:\\\/\\\/www.bioecoactual.com\\\/wp-content\\\/uploads\\\/2026\\\/08\\\/Sagrada-Familia.jpg\",\"articleSection\":[\"Sector Ecol\u00f2gic (Professional)\"],\"inLanguage\":\"ca-ES\"},{\"@type\":\"WebPage\",\"@id\":\"https:\\\/\\\/www.bioecoactual.com\\\/ca\\\/2026\\\/08\\\/31\\\/veritas-supermercat-sagrada-familia-barcelona\\\/\",\"url\":\"https:\\\/\\\/www.bioecoactual.com\\\/ca\\\/2026\\\/08\\\/31\\\/veritas-supermercat-sagrada-familia-barcelona\\\/\",\"name\":\"Veritas s\u2019apropa als 100 supermercats amb l\u2019arribada al barri de la Sagrada Fam\u00edlia - Bio Eco Actual\",\"isPartOf\":{\"@id\":\"https:\\\/\\\/www.bioecoactual.com\\\/#website\"},\"primaryImageOfPage\":{\"@id\":\"https:\\\/\\\/www.bioecoactual.com\\\/ca\\\/2026\\\/08\\\/31\\\/veritas-supermercat-sagrada-familia-barcelona\\\/#primaryimage\"},\"image\":{\"@id\":\"https:\\\/\\\/www.bioecoactual.com\\\/ca\\\/2026\\\/08\\\/31\\\/veritas-supermercat-sagrada-familia-barcelona\\\/#primaryimage\"},\"thumbnailUrl\":\"https:\\\/\\\/www.bioecoactual.com\\\/wp-content\\\/uploads\\\/2026\\\/08\\\/Sagrada-Familia.jpg\",\"datePublished\":\"2026-08-31T08:24:35+00:00\",\"description\":\"Veritas obre un nou supermercat ecol\u00f2gic al barri de la Sagrada Fam\u00edlia de Barcelona i arriba als 98 establiments.\",\"breadcrumb\":{\"@id\":\"https:\\\/\\\/www.bioecoactual.com\\\/ca\\\/2026\\\/08\\\/31\\\/veritas-supermercat-sagrada-familia-barcelona\\\/#breadcrumb\"},\"inLanguage\":\"ca-ES\",\"potentialAction\":[{\"@type\":\"ReadAction\",\"target\":[\"https:\\\/\\\/www.bioecoactual.com\\\/ca\\\/2026\\\/08\\\/31\\\/veritas-supermercat-sagrada-familia-barcelona\\\/\"]}]},{\"@type\":\"ImageObject\",\"inLanguage\":\"ca-ES\",\"@id\":\"https:\\\/\\\/www.bioecoactual.com\\\/ca\\\/2026\\\/08\\\/31\\\/veritas-supermercat-sagrada-familia-barcelona\\\/#primaryimage\",\"url\":\"https:\\\/\\\/www.bioecoactual.com\\\/wp-content\\\/uploads\\\/2026\\\/08\\\/Sagrada-Familia.jpg\",\"contentUrl\":\"https:\\\/\\\/www.bioecoactual.com\\\/wp-content\\\/uploads\\\/2026\\\/08\\\/Sagrada-Familia.jpg\",\"width\":1200,\"height\":900,\"caption\":\"Fotograf\u00eda cedida por Veritas.\"},{\"@type\":\"BreadcrumbList\",\"@id\":\"https:\\\/\\\/www.bioecoactual.com\\\/ca\\\/2026\\\/08\\\/31\\\/veritas-supermercat-sagrada-familia-barcelona\\\/#breadcrumb\",\"itemListElement\":[{\"@type\":\"ListItem\",\"position\":1,\"name\":\"Portada\",\"item\":\"https:\\\/\\\/www.bioecoactual.com\\\/ca\\\/\"},{\"@type\":\"ListItem\",\"position\":2,\"name\":\"Veritas s\u2019apropa als 100 supermercats amb l\u2019arribada al barri de la Sagrada Fam\u00edlia\"}]},{\"@type\":\"WebSite\",\"@id\":\"https:\\\/\\\/www.bioecoactual.com\\\/#website\",\"url\":\"https:\\\/\\\/www.bioecoactual.com\\\/\",\"name\":\"Bio Eco Actual\",\"description\":\"Alimentaci\u00f3n Ecol\u00f3gica\",\"publisher\":{\"@id\":\"https:\\\/\\\/www.bioecoactual.com\\\/#organization\"},\"potentialAction\":[{\"@type\":\"SearchAction\",\"target\":{\"@type\":\"EntryPoint\",\"urlTemplate\":\"https:\\\/\\\/www.bioecoactual.com\\\/?s={search_term_string}\"},\"query-input\":{\"@type\":\"PropertyValueSpecification\",\"valueRequired\":true,\"valueName\":\"search_term_string\"}}],\"inLanguage\":\"ca-ES\"},{\"@type\":\"Organization\",\"@id\":\"https:\\\/\\\/www.bioecoactual.com\\\/#organization\",\"name\":\"Bio Eco Actual\",\"url\":\"https:\\\/\\\/www.bioecoactual.com\\\/\",\"logo\":{\"@type\":\"ImageObject\",\"inLanguage\":\"ca-ES\",\"@id\":\"https:\\\/\\\/www.bioecoactual.com\\\/#\\\/schema\\\/logo\\\/image\\\/\",\"url\":\"https:\\\/\\\/www.bioecoactual.com\\\/wp-content\\\/uploads\\\/2022\\\/01\\\/BIOECO_CUADRADO_LOGO.png\",\"contentUrl\":\"https:\\\/\\\/www.bioecoactual.com\\\/wp-content\\\/uploads\\\/2022\\\/01\\\/BIOECO_CUADRADO_LOGO.png\",\"width\":8192,\"height\":8192,\"caption\":\"Bio Eco Actual\"},\"image\":{\"@id\":\"https:\\\/\\\/www.bioecoactual.com\\\/#\\\/schema\\\/logo\\\/image\\\/\"},\"sameAs\":[\"https:\\\/\\\/www.facebook.com\\\/BioEcoActual\\\/\",\"https:\\\/\\\/x.com\\\/bioecoactual\",\"https:\\\/\\\/www.linkedin.com\\\/in\\\/bioecoactual\\\/\"]},{\"@type\":\"Person\",\"@id\":\"https:\\\/\\\/www.bioecoactual.com\\\/#\\\/schema\\\/person\\\/1917425621d12045530837796be26ce4\",\"name\":\"Julia\",\"image\":{\"@type\":\"ImageObject\",\"inLanguage\":\"ca-ES\",\"@id\":\"https:\\\/\\\/secure.gravatar.com\\\/avatar\\\/0ae7f1d9b7841d6bac72ee70f9533f6d815d98ebf40ef3a321812da63d66427d?s=96&d=mm&r=g\",\"url\":\"https:\\\/\\\/secure.gravatar.com\\\/avatar\\\/0ae7f1d9b7841d6bac72ee70f9533f6d815d98ebf40ef3a321812da63d66427d?s=96&d=mm&r=g\",\"contentUrl\":\"https:\\\/\\\/secure.gravatar.com\\\/avatar\\\/0ae7f1d9b7841d6bac72ee70f9533f6d815d98ebf40ef3a321812da63d66427d?s=96&d=mm&r=g\",\"caption\":\"Julia\"},\"url\":\"https:\\\/\\\/www.bioecoactual.com\\\/ca\\\/author\\\/julia\\\/\"}]}<\/script>\n<!-- \/ Yoast SEO Premium plugin. -->","yoast_head_json":{"title":"Veritas s\u2019apropa als 100 supermercats amb l\u2019arribada al barri de la Sagrada Fam\u00edlia - Bio Eco Actual","description":"Veritas obre un nou supermercat ecol\u00f2gic al barri de la Sagrada Fam\u00edlia de Barcelona i arriba als 98 establiments.","robots":{"index":"index","follow":"follow","max-snippet":"max-snippet:-1","max-image-preview":"max-image-preview:large","max-video-preview":"max-video-preview:-1"},"canonical":"https:\/\/www.bioecoactual.com\/ca\/2026\/08\/31\/veritas-supermercat-sagrada-familia-barcelona\/","og_locale":"ca_ES","og_type":"article","og_title":"Veritas s\u2019apropa als 100 supermercats amb l\u2019arribada al barri de la Sagrada Fam\u00edlia","og_description":"Veritas obre un nou supermercat ecol\u00f2gic al barri de la Sagrada Fam\u00edlia de Barcelona i arriba als 98 establiments.","og_url":"https:\/\/www.bioecoactual.com\/ca\/2026\/08\/31\/veritas-supermercat-sagrada-familia-barcelona\/","og_site_name":"Bio Eco Actual","article_publisher":"https:\/\/www.facebook.com\/BioEcoActual\/","article_published_time":"2026-08-31T08:24:35+00:00","og_image":[{"width":1200,"height":900,"url":"https:\/\/www.bioecoactual.com\/wp-content\/uploads\/2026\/08\/Sagrada-Familia.jpg","type":"image\/jpeg"}],"author":"Julia","twitter_card":"summary_large_image","twitter_creator":"@bioecoactual","twitter_site":"@bioecoactual","twitter_misc":{"Written by":"Julia","Est. reading time":"4 minutes"},"schema":{"@context":"https:\/\/schema.org","@graph":[{"@type":"Article","@id":"https:\/\/www.bioecoactual.com\/ca\/2026\/08\/31\/veritas-supermercat-sagrada-familia-barcelona\/#article","isPartOf":{"@id":"https:\/\/www.bioecoactual.com\/ca\/2026\/08\/31\/veritas-supermercat-sagrada-familia-barcelona\/"},"author":{"name":"Julia","@id":"https:\/\/www.bioecoactual.com\/#\/schema\/person\/1917425621d12045530837796be26ce4"},"headline":"Veritas s\u2019apropa als 100 supermercats amb l\u2019arribada al barri de la Sagrada Fam\u00edlia","datePublished":"2026-08-31T08:24:35+00:00","mainEntityOfPage":{"@id":"https:\/\/www.bioecoactual.com\/ca\/2026\/08\/31\/veritas-supermercat-sagrada-familia-barcelona\/"},"wordCount":687,"publisher":{"@id":"https:\/\/www.bioecoactual.com\/#organization"},"image":{"@id":"https:\/\/www.bioecoactual.com\/ca\/2026\/08\/31\/veritas-supermercat-sagrada-familia-barcelona\/#primaryimage"},"thumbnailUrl":"https:\/\/www.bioecoactual.com\/wp-content\/uploads\/2026\/08\/Sagrada-Familia.jpg","articleSection":["Sector Ecol\u00f2gic (Professional)"],"inLanguage":"ca-ES"},{"@type":"WebPage","@id":"https:\/\/www.bioecoactual.com\/ca\/2026\/08\/31\/veritas-supermercat-sagrada-familia-barcelona\/","url":"https:\/\/www.bioecoactual.com\/ca\/2026\/08\/31\/veritas-supermercat-sagrada-familia-barcelona\/","name":"Veritas s\u2019apropa als 100 supermercats amb l\u2019arribada al barri de la Sagrada Fam\u00edlia - Bio Eco Actual","isPartOf":{"@id":"https:\/\/www.bioecoactual.com\/#website"},"primaryImageOfPage":{"@id":"https:\/\/www.bioecoactual.com\/ca\/2026\/08\/31\/veritas-supermercat-sagrada-familia-barcelona\/#primaryimage"},"image":{"@id":"https:\/\/www.bioecoactual.com\/ca\/2026\/08\/31\/veritas-supermercat-sagrada-familia-barcelona\/#primaryimage"},"thumbnailUrl":"https:\/\/www.bioecoactual.com\/wp-content\/uploads\/2026\/08\/Sagrada-Familia.jpg","datePublished":"2026-08-31T08:24:35+00:00","description":"Veritas obre un nou supermercat ecol\u00f2gic al barri de la Sagrada Fam\u00edlia de Barcelona i arriba als 98 establiments.","breadcrumb":{"@id":"https:\/\/www.bioecoactual.com\/ca\/2026\/08\/31\/veritas-supermercat-sagrada-familia-barcelona\/#breadcrumb"},"inLanguage":"ca-ES","potentialAction":[{"@type":"ReadAction","target":["https:\/\/www.bioecoactual.com\/ca\/2026\/08\/31\/veritas-supermercat-sagrada-familia-barcelona\/"]}]},{"@type":"ImageObject","inLanguage":"ca-ES","@id":"https:\/\/www.bioecoactual.com\/ca\/2026\/08\/31\/veritas-supermercat-sagrada-familia-barcelona\/#primaryimage","url":"https:\/\/www.bioecoactual.com\/wp-content\/uploads\/2026\/08\/Sagrada-Familia.jpg","contentUrl":"https:\/\/www.bioecoactual.com\/wp-content\/uploads\/2026\/08\/Sagrada-Familia.jpg","width":1200,"height":900,"caption":"Fotograf\u00eda cedida por Veritas."},{"@type":"BreadcrumbList","@id":"https:\/\/www.bioecoactual.com\/ca\/2026\/08\/31\/veritas-supermercat-sagrada-familia-barcelona\/#breadcrumb","itemListElement":[{"@type":"ListItem","position":1,"name":"Portada","item":"https:\/\/www.bioecoactual.com\/ca\/"},{"@type":"ListItem","position":2,"name":"Veritas s\u2019apropa als 100 supermercats amb l\u2019arribada al barri de la Sagrada Fam\u00edlia"}]},{"@type":"WebSite","@id":"https:\/\/www.bioecoactual.com\/#website","url":"https:\/\/www.bioecoactual.com\/","name":"Bio Eco Actual","description":"Alimentaci\u00f3n Ecol\u00f3gica","publisher":{"@id":"https:\/\/www.bioecoactual.com\/#organization"},"potentialAction":[{"@type":"SearchAction","target":{"@type":"EntryPoint","urlTemplate":"https:\/\/www.bioecoactual.com\/?s={search_term_string}"},"query-input":{"@type":"PropertyValueSpecification","valueRequired":true,"valueName":"search_term_string"}}],"inLanguage":"ca-ES"},{"@type":"Organization","@id":"https:\/\/www.bioecoactual.com\/#organization","name":"Bio Eco Actual","url":"https:\/\/www.bioecoactual.com\/","logo":{"@type":"ImageObject","inLanguage":"ca-ES","@id":"https:\/\/www.bioecoactual.com\/#\/schema\/logo\/image\/","url":"https:\/\/www.bioecoactual.com\/wp-content\/uploads\/2022\/01\/BIOECO_CUADRADO_LOGO.png","contentUrl":"https:\/\/www.bioecoactual.com\/wp-content\/uploads\/2022\/01\/BIOECO_CUADRADO_LOGO.png","width":8192,"height":8192,"caption":"Bio Eco Actual"},"image":{"@id":"https:\/\/www.bioecoactual.com\/#\/schema\/logo\/image\/"},"sameAs":["https:\/\/www.facebook.com\/BioEcoActual\/","https:\/\/x.com\/bioecoactual","https:\/\/www.linkedin.com\/in\/bioecoactual\/"]},{"@type":"Person","@id":"https:\/\/www.bioecoactual.com\/#\/schema\/person\/1917425621d12045530837796be26ce4","name":"Julia","image":{"@type":"ImageObject","inLanguage":"ca-ES","@id":"https:\/\/secure.gravatar.com\/avatar\/0ae7f1d9b7841d6bac72ee70f9533f6d815d98ebf40ef3a321812da63d66427d?s=96&d=mm&r=g","url":"https:\/\/secure.gravatar.com\/avatar\/0ae7f1d9b7841d6bac72ee70f9533f6d815d98ebf40ef3a321812da63d66427d?s=96&d=mm&r=g","contentUrl":"https:\/\/secure.gravatar.com\/avatar\/0ae7f1d9b7841d6bac72ee70f9533f6d815d98ebf40ef3a321812da63d66427d?s=96&d=mm&r=g","caption":"Julia"},"url":"https:\/\/www.bioecoactual.com\/ca\/author\/julia\/"}]}},"_links":{"self":[{"href":"https:\/\/www.bioecoactual.com\/ca\/wp-json\/wp\/v2\/posts\/128411","targetHints":{"allow":["GET"]}}],"collection":[{"href":"https:\/\/www.bioecoactual.com\/ca\/wp-json\/wp\/v2\/posts"}],"about":[{"href":"https:\/\/www.bioecoactual.com\/ca\/wp-json\/wp\/v2\/types\/post"}],"author":[{"embeddable":true,"href":"https:\/\/www.bioecoactual.com\/ca\/wp-json\/wp\/v2\/users\/592"}],"replies":[{"embeddable":true,"href":"https:\/\/www.bioecoactual.com\/ca\/wp-json\/wp\/v2\/comments?post=128411"}],"version-history":[{"count":1,"href":"https:\/\/www.bioecoactual.com\/ca\/wp-json\/wp\/v2\/posts\/128411\/revisions"}],"predecessor-version":[{"id":128412,"href":"https:\/\/www.bioecoactual.com\/ca\/wp-json\/wp\/v2\/posts\/128411\/revisions\/128412"}],"wp:featuredmedia":[{"embeddable":true,"href":"https:\/\/www.bioecoactual.com\/ca\/wp-json\/wp\/v2\/media\/128408"}],"wp:attachment":[{"href":"https:\/\/www.bioecoactual.com\/ca\/wp-json\/wp\/v2\/media?parent=128411"}],"wp:term":[{"taxonomy":"category","embeddable":true,"href":"https:\/\/www.bioecoactual.com\/ca\/wp-json\/wp\/v2\/categories?post=128411"},{"taxonomy":"post_tag","embeddable":true,"href":"https:\/\/www.bioecoactual.com\/ca\/wp-json\/wp\/v2\/tags?post=128411"}],"curies":[{"name":"wp","href":"https:\/\/api.w.org\/{rel}","templated":true}]}}