{"id":128440,"date":"2026-09-04T08:00:05","date_gmt":"2026-09-04T06:00:05","guid":{"rendered":"https:\/\/www.bioecoactual.com\/?p=128440"},"modified":"2026-09-03T12:47:37","modified_gmt":"2026-09-03T10:47:37","slug":"el-futur-de-la-pac","status":"publish","type":"post","link":"https:\/\/www.bioecoactual.com\/ca\/2026\/09\/04\/el-futur-de-la-pac\/","title":{"rendered":"El futur de la PAC: com garantir un suport s\u00f2lid a l&#8217;agricultura ecol\u00f2gica"},"content":{"rendered":"<p><span style=\"font-weight: 400;\">A mesura que s&#8217;intensifiquen els debats sobre el futur Marc Financer Plurianual (MFP) i la propera Pol\u00edtica Agr\u00edcola Comuna (PAC), <strong>IFOAM Organics Europe<\/strong> treballa per assegurar que l&#8217;agricultura ecol\u00f2gica continu\u00ef estant al cor de la pol\u00edtica agr\u00edcola m\u00e9s influent d&#8217;Europa.<\/span><\/p>\n<p><!--more--><\/p>\n<figure id=\"attachment_125962\" aria-describedby=\"caption-attachment-125962\" style=\"width: 1200px\" class=\"wp-caption aligncenter\"><img loading=\"lazy\" decoding=\"async\" class=\"wp-image-125962 size-full\" style=\"width: 100%; height: auto; display: block; border-radius: 28px; box-shadow: 0 18px 42px rgba(0,0,0,0.12); overflow: hidden;\" src=\"https:\/\/www.bioecoactual.com\/wp-content\/uploads\/2026\/08\/PAC.jpg\" alt=\"PAC\" width=\"1200\" height=\"675\" \/><figcaption id=\"caption-attachment-125962\" class=\"wp-caption-text\">\u00a9Ministerio de Agricultura, Pesca y Alimentaci\u00f3n<\/figcaption><\/figure>\n<p><span style=\"font-weight: 400;\">Amb aquesta nova estructura pressupost\u00e0ria, on la PAC ja no \u00e9s un programa independent, sin\u00f3 un cap\u00edtol dels Plans Nacionals i Regionals d&#8217;Associaci\u00f3 (PNRA), el moviment ecol\u00f2gic analitza els PNRA en conjunt per garantir un alt nivell d&#8217;ambici\u00f3 ambiental i un suport continu als agricultors ecol\u00f2gics. Si b\u00e9 els PNRA impulsaran una nacionalitzaci\u00f3 m\u00e9s gran en la Pol\u00edtica Agr\u00edcola Comuna, l&#8217;agricultura ecol\u00f2gica continua sent un projecte de la UE, amb els mateixos requisits per a tots els agricultors ecol\u00f2gics europeus.<\/span><\/p>\n<p><span style=\"font-weight: 400;\">Reprenent els debats a Brussel\u00b7les per al proper per\u00edode de programaci\u00f3: el proc\u00e9s legislatiu al voltant de la legislaci\u00f3 dels PNRA avan\u00e7a. Les esmenes a la proposta van ser presentades pels eurodiputats al juny. <\/span><\/p>\n<h2><span style=\"font-family: georgia, palatino, serif;\">Quins canvis esperen de la proposta inicial de la Comissi\u00f3?<\/span><\/h2>\n<p><span style=\"font-weight: 400;\">Tot i que encara no s&#8217;ha decidit res, el Parlament Europeu s&#8217;inclina per un enfocament m\u00e9s espec\u00edfic per a l&#8217;NRPP, \u00e9s a dir, una partida pressupost\u00e0ria concreta per a cada programa de l&#8217;NRPP. La proposta original es basava en un enfocament de grans partides pressupost\u00e0ries i atorgava m\u00e9s flexibilitat als Estats membres per decidir la quantitat assignada a cada programa. <\/span><\/p>\n<p><span style=\"font-weight: 400;\">Pel que fa a la PAC, es va proposar de reintroduir una estructura de dos pilars, amb un augment significatiu del pressupost, de 295.700 milions a 426.700 milions. D&#8217;aquest total, 320 milions es destinarien a intervencions de suport als ingressos i 106 milions a intervencions de desenvolupament rural. Res no impedeix que el Parlament introdueixi aquests canvis, per\u00f2 la instituci\u00f3 no t\u00e9 potestat per participar de manera significativa en els debats sobre el pressupost global. El Consell \u00e9s qui lidera el proc\u00e9s i negocia les quantitats destinades a cada programa, incl\u00f2s el NRPP i, per tant, la PAC. <\/span><\/p>\n<p><span style=\"font-weight: 400;\">S&#8217;espera que el Consell es pronunci\u00ef sobre el pressupost a finals del 2026; ser\u00e0 aleshores quan s&#8217;intensificaran els debats amb el Parlament per trobar un punt en com\u00fa entre dues visions diferents del futur pressupost de la UE.<\/span><\/p>\n<div style=\"background: #ffffff; border-top: 3px solid #e5aa14; border-bottom: 3px solid #e5aa14; padding: 24px 0; margin: 34px 0;\">\n<p style=\"font-family: Georgia, 'Times New Roman', serif; font-size: 28px; line-height: 1.35; margin: 0; color: #111111; font-weight: bold;\">El suport a l&#8217;agricultura ecol\u00f2gica \u00e9s la manera m\u00e9s efica\u00e7 d&#8217;incentivar els agricultors a adoptar pr\u00e0ctiques m\u00e9s sostenibles.<\/p>\n<\/div>\n<p><span style=\"font-weight: 400;\">En el projecte d&#8217;informe sobre el NRPP, el Parlament Europeu va introduir una de les principals demandes d&#8217;IFOAM Organics Europe: la reserva del 35% del segon pilar per a accions agroambientals i clim\u00e0tiques, incloent-hi el suport a la conversi\u00f3 i el manteniment de l&#8217;agricultura ecol\u00f2gica. Si b\u00e9 el moviment ecol\u00f2gic europeu acull amb satisfacci\u00f3 aquesta introducci\u00f3, la reserva s&#8217;hauria d&#8217;aplicar a la totalitat del pressupost de la PAC i no nom\u00e9s al segon pilar, per garantir que tots els Estats membres inverteixin en mesures ambicioses que donin suport als agricultors en la transici\u00f3 cap a m\u00e8todes de producci\u00f3 sostenibles, com l&#8217;agricultura ecol\u00f2gica. <\/span><\/p>\n<p><span style=\"font-weight: 400;\">Les esmenes al Reglament de la PAC segueixen un enfocament similar: <strong>Norbert Lins, ponent de l&#8217;expedient de la PAC al Parlament Europeu<\/strong>, tamb\u00e9 proposa introduir una reserva per a mesures agroambientals al segon pilar de l&#8217;estructura de la PAC. Tot i aix\u00f2, hi ha una difer\u00e8ncia significativa amb l&#8217;informe de l&#8217;NRPP: encara no s&#8217;ha decidit la distribuci\u00f3 del segon pilar per a l&#8217;assignaci\u00f3 espec\u00edfica de fons. <\/span><\/p>\n<p><span style=\"font-weight: 400;\">Norbert Lins tamb\u00e9 introdueix canvis importants en la proposta de la PAC, incloent un llindar m\u00e9s alt per al l\u00edmit m\u00e0xim dels pagaments basats en la superf\u00edcie, que passa de 100.000 \u20ac anuals a 500.000 \u20ac, l&#8217;eliminaci\u00f3 del mecanisme de degressivitat (pagaments progressivament menors per a explotacions m\u00e9s grans) i la seva substituci\u00f3 per pagaments redistributius (pagaments majors per a les primeres hect\u00e0rees), i un objectiu obligatori del 8% destinat a intervencions adre\u00e7ades a joves agricultors. El pagament de transici\u00f3 se simplifica i esdev\u00e9 voluntari.<\/span><\/p>\n<h2><span style=\"font-family: georgia, palatino, serif;\">La votaci\u00f3 de la legislaci\u00f3 del NRPP est\u00e0 prevista a la Comissi\u00f3 per al novembre, mentre que s&#8217;espera que la PAC es voti al desembre<\/span><\/h2>\n<p><span style=\"font-weight: 400;\">Els debats sobre la PAC tamb\u00e9 avancen al Consell. El Consell proposa mantenir un pressupost semblant per al NRPP i la PAC al proposat per la Comissi\u00f3. No mostra indicis de reintroduir una estructura de dos pilars. Pel que fa al suport a l&#8217;agricultura ecol\u00f2gica, alguns Estats membres del Consell q\u00fcestionen l&#8217;obligaci\u00f3 de donar suport als agricultors ecol\u00f2gics mitjan\u00e7ant ajuts per a la conversi\u00f3 i el manteniment. IFOAM Organics Europe va expressar la seva preocupaci\u00f3 per aquest enfocament, que menyscabava el potencial de la futura PAC per assolir els objectius mediambientals. <\/span><\/p>\n<p><span style=\"font-weight: 400;\">Com recorda l&#8217;informe del Tribunal de Comptes franc\u00e8s, el suport a l&#8217;agricultura ecol\u00f2gica \u00e9s la manera m\u00e9s efica\u00e7 d&#8217;incentivar els pagesos a adoptar pr\u00e0ctiques m\u00e9s sostenibles; per tant, \u00e9s fonamental mantenir un suport s\u00f2lid a l&#8217;agricultura ecol\u00f2gica als 27 pa\u00efsos membres de la PAC. Si b\u00e9 l&#8217;obligaci\u00f3 de concedir ajudes per a la conversi\u00f3 i el manteniment no garanteix un nivell de finan\u00e7ament significatiu, comptar amb aquest requisit obligatori per a tots els Estats membres \u00e9s un primer pas en la direcci\u00f3 correcta i s&#8217;hauria de mantenir al Reglament de la PAC. Aix\u00f2 \u00e9s el que planteja el nou reglament. <\/span><\/p>\n<p><span style=\"font-weight: 400;\"><strong>La presidenta d&#8217;IFOAM Organics Europe, D\u00f3ra Drexler,<\/strong> va recordar durant una confer\u00e8ncia de premsa celebrada l&#8217;1 de juliol: <\/span><\/p>\n<p><span style=\"font-weight: 400;\">\u00abL&#8217;agricultura ecol\u00f2gica \u00e9s una eina essencial de pol\u00edtica p\u00fablica per impulsar la transformaci\u00f3 cap a sistemes agroalimentaris sostenibles i resilients a la UE. Ofereix solucions a molts reptes, com ara la reducci\u00f3 de la depend\u00e8ncia de la UE dels insums sint\u00e8tics, la contribuci\u00f3 a la sobirania aliment\u00e0ria d&#8217;Europa, l&#8217;oferta de noves oportunitats per als joves de les zones rurals gr\u00e0cies a millors perspectives econ\u00f2miques, i molts m\u00e9s. La PAC va donar suport al desenvolupament de l&#8217;agricultura ecol\u00f2gica en les darreres d\u00e8cades i ha de continuar donant suport adequadament als agricultors ecol\u00f2gics, ja que l&#8217;agricultura ecol\u00f2gica representa la manera m\u00e9s f\u00e0cil i eficient de mantenir les ambicions ambientals de la PAC a la nova estructura pressupost\u00e0ria\u00bb. <\/span><\/p>\n<p><span style=\"font-weight: 400;\">Abans d&#8217;aquesta confer\u00e8ncia de premsa, el moviment ecol\u00f2gic europeu es va reunir a Brussel\u00b7les per a l&#8217;Assemblea General d&#8217;IFOAM Organics Europe i va lliurar formalment una declaraci\u00f3 sobre el futur de la PAC al Comissari d&#8217;Agricultura, Christophe Hansen.<\/span><\/p>\n<p><strong>Autora: <\/strong><span style=\"font-weight: 400;\">Laura Sauques, Responsable de Pol\u00edtiques de Sistemes Alimentaris Sostenibles i la PAC.<\/span><\/p>\n<p><a href=\"https:\/\/www.bioecoactual.com\/ca\/subscripcio\/\" target=\"_blank\" rel=\"noopener noreferrer\"><strong>Subscriu-te<\/strong><\/a><strong> a la Newsletter i rep cada mes Bio Eco Actual gratis al teu correu<\/strong><\/p>\n<p><strong><em>Bio Eco Actual<\/em><\/strong>, <em>el teu mensual 100% ecol\u00f2gic<\/em><strong><br \/>\n<\/strong><a href=\"https:\/\/www.bioecoactual.com\/wp-content\/uploads\/2026\/08\/BioEcoActual_Setembre_2026.pdf\" target=\"_blank\" rel=\"noopener noreferrer\"><strong> Llegir Bio Eco Actual Setembre 2026<\/strong><\/a><\/p>\n<p><iframe style=\"border: none; width: 100%; height: 520px;\" src=\"\/\/e.issuu.com\/embed.html?d=bioecoactual_setembre_2026&amp;hideIssuuLogo=true&amp;showOtherPublicationsAsSuggestions=true&amp;u=bioecoactual\" allowfullscreen=\"allowfullscreen\"> <\/iframe><\/p>\n","protected":false},"excerpt":{"rendered":"<p>A mesura que s&rsquo;intensifiquen els debats sobre el futur Marc Financer Plurianual (MFP) i la propera Pol&iacute;tica Agr&iacute;cola Comuna (PAC), IFOAM Organics Europe treballa per assegurar que l&rsquo;agricultura ecol&ograve;gica continu&iuml; estant al cor de la pol&iacute;tica agr&iacute;cola m&eacute;s influent d&rsquo;Europa.<\/p>\n","protected":false},"author":592,"featured_media":128437,"comment_status":"closed","ping_status":"closed","sticky":false,"template":"","format":"standard","meta":{"footnotes":""},"categories":[7173],"tags":[],"class_list":["post-128440","post","type-post","status-publish","format-standard","has-post-thumbnail","category-professional"],"yoast_head":"<!-- This site is optimized with the Yoast SEO Premium plugin v28.4 (Yoast SEO v28.4) - https:\/\/yoast.com\/product\/yoast-seo-premium-wordpress\/ -->\n<title>El futur de la PAC: com garantir un suport s\u00f2lid a l&#039;agricultura ecol\u00f2gica - Bio Eco Actual<\/title>\n<meta name=\"description\" content=\"IFOAM Organics Europe treballa per assegurar que l\u2019agricultura ecol\u00f2gica continu\u00ef estant al cor de la PAC.\" \/>\n<meta name=\"robots\" content=\"index, follow, max-snippet:-1, max-image-preview:large, max-video-preview:-1\" \/>\n<link rel=\"canonical\" href=\"https:\/\/www.bioecoactual.com\/ca\/2026\/09\/04\/el-futur-de-la-pac\/\" \/>\n<meta property=\"og:locale\" content=\"ca_ES\" \/>\n<meta property=\"og:type\" content=\"article\" \/>\n<meta property=\"og:title\" content=\"El futur de la PAC: com garantir un suport s\u00f2lid a l&#039;agricultura ecol\u00f2gica\" \/>\n<meta property=\"og:description\" content=\"IFOAM Organics Europe treballa per assegurar que l\u2019agricultura ecol\u00f2gica continu\u00ef estant al cor de la PAC.\" \/>\n<meta property=\"og:url\" content=\"https:\/\/www.bioecoactual.com\/ca\/2026\/09\/04\/el-futur-de-la-pac\/\" \/>\n<meta property=\"og:site_name\" content=\"Bio Eco Actual\" \/>\n<meta property=\"article:publisher\" content=\"https:\/\/www.facebook.com\/BioEcoActual\/\" \/>\n<meta property=\"article:published_time\" content=\"2026-09-04T06:00:05+00:00\" \/>\n<meta property=\"og:image\" content=\"https:\/\/www.bioecoactual.com\/wp-content\/uploads\/2026\/08\/PAC.jpg\" \/>\n\t<meta property=\"og:image:width\" content=\"1200\" \/>\n\t<meta property=\"og:image:height\" content=\"675\" \/>\n\t<meta property=\"og:image:type\" content=\"image\/jpeg\" \/>\n<meta name=\"author\" content=\"Julia\" \/>\n<meta name=\"twitter:card\" content=\"summary_large_image\" \/>\n<meta name=\"twitter:creator\" content=\"@bioecoactual\" \/>\n<meta name=\"twitter:site\" content=\"@bioecoactual\" \/>\n<meta name=\"twitter:label1\" content=\"Written by\" \/>\n\t<meta name=\"twitter:data1\" content=\"Julia\" \/>\n\t<meta name=\"twitter:label2\" content=\"Est. reading time\" \/>\n\t<meta name=\"twitter:data2\" content=\"6 minutes\" \/>\n<script type=\"application\/ld+json\" class=\"yoast-schema-graph\">{\"@context\":\"https:\\\/\\\/schema.org\",\"@graph\":[{\"@type\":\"Article\",\"@id\":\"https:\\\/\\\/www.bioecoactual.com\\\/ca\\\/2026\\\/09\\\/04\\\/el-futur-de-la-pac\\\/#article\",\"isPartOf\":{\"@id\":\"https:\\\/\\\/www.bioecoactual.com\\\/ca\\\/2026\\\/09\\\/04\\\/el-futur-de-la-pac\\\/\"},\"author\":{\"name\":\"Julia\",\"@id\":\"https:\\\/\\\/www.bioecoactual.com\\\/ca\\\/#\\\/schema\\\/person\\\/1917425621d12045530837796be26ce4\"},\"headline\":\"El futur de la PAC: com garantir un suport s\u00f2lid a l&#8217;agricultura ecol\u00f2gica\",\"datePublished\":\"2026-09-04T06:00:05+00:00\",\"mainEntityOfPage\":{\"@id\":\"https:\\\/\\\/www.bioecoactual.com\\\/ca\\\/2026\\\/09\\\/04\\\/el-futur-de-la-pac\\\/\"},\"wordCount\":1204,\"publisher\":{\"@id\":\"https:\\\/\\\/www.bioecoactual.com\\\/ca\\\/#organization\"},\"image\":{\"@id\":\"https:\\\/\\\/www.bioecoactual.com\\\/ca\\\/2026\\\/09\\\/04\\\/el-futur-de-la-pac\\\/#primaryimage\"},\"thumbnailUrl\":\"https:\\\/\\\/www.bioecoactual.com\\\/wp-content\\\/uploads\\\/2026\\\/08\\\/PAC.jpg\",\"articleSection\":[\"Sector Ecol\u00f2gic (Professional)\"],\"inLanguage\":\"ca-ES\"},{\"@type\":\"WebPage\",\"@id\":\"https:\\\/\\\/www.bioecoactual.com\\\/ca\\\/2026\\\/09\\\/04\\\/el-futur-de-la-pac\\\/\",\"url\":\"https:\\\/\\\/www.bioecoactual.com\\\/ca\\\/2026\\\/09\\\/04\\\/el-futur-de-la-pac\\\/\",\"name\":\"El futur de la PAC: com garantir un suport s\u00f2lid a l'agricultura ecol\u00f2gica - Bio Eco Actual\",\"isPartOf\":{\"@id\":\"https:\\\/\\\/www.bioecoactual.com\\\/ca\\\/#website\"},\"primaryImageOfPage\":{\"@id\":\"https:\\\/\\\/www.bioecoactual.com\\\/ca\\\/2026\\\/09\\\/04\\\/el-futur-de-la-pac\\\/#primaryimage\"},\"image\":{\"@id\":\"https:\\\/\\\/www.bioecoactual.com\\\/ca\\\/2026\\\/09\\\/04\\\/el-futur-de-la-pac\\\/#primaryimage\"},\"thumbnailUrl\":\"https:\\\/\\\/www.bioecoactual.com\\\/wp-content\\\/uploads\\\/2026\\\/08\\\/PAC.jpg\",\"datePublished\":\"2026-09-04T06:00:05+00:00\",\"description\":\"IFOAM Organics Europe treballa per assegurar que l\u2019agricultura ecol\u00f2gica continu\u00ef estant al cor de la PAC.\",\"breadcrumb\":{\"@id\":\"https:\\\/\\\/www.bioecoactual.com\\\/ca\\\/2026\\\/09\\\/04\\\/el-futur-de-la-pac\\\/#breadcrumb\"},\"inLanguage\":\"ca-ES\",\"potentialAction\":[{\"@type\":\"ReadAction\",\"target\":[\"https:\\\/\\\/www.bioecoactual.com\\\/ca\\\/2026\\\/09\\\/04\\\/el-futur-de-la-pac\\\/\"]}]},{\"@type\":\"ImageObject\",\"inLanguage\":\"ca-ES\",\"@id\":\"https:\\\/\\\/www.bioecoactual.com\\\/ca\\\/2026\\\/09\\\/04\\\/el-futur-de-la-pac\\\/#primaryimage\",\"url\":\"https:\\\/\\\/www.bioecoactual.com\\\/wp-content\\\/uploads\\\/2026\\\/08\\\/PAC.jpg\",\"contentUrl\":\"https:\\\/\\\/www.bioecoactual.com\\\/wp-content\\\/uploads\\\/2026\\\/08\\\/PAC.jpg\",\"width\":1200,\"height\":675,\"caption\":\"Ministerio de Agricultura, Pesca y Alimentaci\u00f3n\"},{\"@type\":\"BreadcrumbList\",\"@id\":\"https:\\\/\\\/www.bioecoactual.com\\\/ca\\\/2026\\\/09\\\/04\\\/el-futur-de-la-pac\\\/#breadcrumb\",\"itemListElement\":[{\"@type\":\"ListItem\",\"position\":1,\"name\":\"Portada\",\"item\":\"https:\\\/\\\/www.bioecoactual.com\\\/ca\\\/\"},{\"@type\":\"ListItem\",\"position\":2,\"name\":\"El futur de la PAC: com garantir un suport s\u00f2lid a l&#8217;agricultura ecol\u00f2gica\"}]},{\"@type\":\"WebSite\",\"@id\":\"https:\\\/\\\/www.bioecoactual.com\\\/ca\\\/#website\",\"url\":\"https:\\\/\\\/www.bioecoactual.com\\\/ca\\\/\",\"name\":\"Bio Eco Actual\",\"description\":\"Alimentaci\u00f3n Ecol\u00f3gica\",\"publisher\":{\"@id\":\"https:\\\/\\\/www.bioecoactual.com\\\/ca\\\/#organization\"},\"potentialAction\":[{\"@type\":\"SearchAction\",\"target\":{\"@type\":\"EntryPoint\",\"urlTemplate\":\"https:\\\/\\\/www.bioecoactual.com\\\/ca\\\/?s={search_term_string}\"},\"query-input\":{\"@type\":\"PropertyValueSpecification\",\"valueRequired\":true,\"valueName\":\"search_term_string\"}}],\"inLanguage\":\"ca-ES\"},{\"@type\":\"Organization\",\"@id\":\"https:\\\/\\\/www.bioecoactual.com\\\/ca\\\/#organization\",\"name\":\"Bio Eco Actual\",\"url\":\"https:\\\/\\\/www.bioecoactual.com\\\/ca\\\/\",\"logo\":{\"@type\":\"ImageObject\",\"inLanguage\":\"ca-ES\",\"@id\":\"https:\\\/\\\/www.bioecoactual.com\\\/ca\\\/#\\\/schema\\\/logo\\\/image\\\/\",\"url\":\"https:\\\/\\\/www.bioecoactual.com\\\/wp-content\\\/uploads\\\/2022\\\/01\\\/BIOECO_CUADRADO_LOGO.png\",\"contentUrl\":\"https:\\\/\\\/www.bioecoactual.com\\\/wp-content\\\/uploads\\\/2022\\\/01\\\/BIOECO_CUADRADO_LOGO.png\",\"width\":8192,\"height\":8192,\"caption\":\"Bio Eco Actual\"},\"image\":{\"@id\":\"https:\\\/\\\/www.bioecoactual.com\\\/ca\\\/#\\\/schema\\\/logo\\\/image\\\/\"},\"sameAs\":[\"https:\\\/\\\/www.facebook.com\\\/BioEcoActual\\\/\",\"https:\\\/\\\/x.com\\\/bioecoactual\",\"https:\\\/\\\/www.linkedin.com\\\/in\\\/bioecoactual\\\/\"]},{\"@type\":\"Person\",\"@id\":\"https:\\\/\\\/www.bioecoactual.com\\\/ca\\\/#\\\/schema\\\/person\\\/1917425621d12045530837796be26ce4\",\"name\":\"Julia\",\"image\":{\"@type\":\"ImageObject\",\"inLanguage\":\"ca-ES\",\"@id\":\"https:\\\/\\\/secure.gravatar.com\\\/avatar\\\/0ae7f1d9b7841d6bac72ee70f9533f6d815d98ebf40ef3a321812da63d66427d?s=96&d=mm&r=g\",\"url\":\"https:\\\/\\\/secure.gravatar.com\\\/avatar\\\/0ae7f1d9b7841d6bac72ee70f9533f6d815d98ebf40ef3a321812da63d66427d?s=96&d=mm&r=g\",\"contentUrl\":\"https:\\\/\\\/secure.gravatar.com\\\/avatar\\\/0ae7f1d9b7841d6bac72ee70f9533f6d815d98ebf40ef3a321812da63d66427d?s=96&d=mm&r=g\",\"caption\":\"Julia\"},\"url\":\"https:\\\/\\\/www.bioecoactual.com\\\/ca\\\/author\\\/julia\\\/\"}]}<\/script>\n<!-- \/ Yoast SEO Premium plugin. -->","yoast_head_json":{"title":"El futur de la PAC: com garantir un suport s\u00f2lid a l'agricultura ecol\u00f2gica - Bio Eco Actual","description":"IFOAM Organics Europe treballa per assegurar que l\u2019agricultura ecol\u00f2gica continu\u00ef estant al cor de la PAC.","robots":{"index":"index","follow":"follow","max-snippet":"max-snippet:-1","max-image-preview":"max-image-preview:large","max-video-preview":"max-video-preview:-1"},"canonical":"https:\/\/www.bioecoactual.com\/ca\/2026\/09\/04\/el-futur-de-la-pac\/","og_locale":"ca_ES","og_type":"article","og_title":"El futur de la PAC: com garantir un suport s\u00f2lid a l'agricultura ecol\u00f2gica","og_description":"IFOAM Organics Europe treballa per assegurar que l\u2019agricultura ecol\u00f2gica continu\u00ef estant al cor de la PAC.","og_url":"https:\/\/www.bioecoactual.com\/ca\/2026\/09\/04\/el-futur-de-la-pac\/","og_site_name":"Bio Eco Actual","article_publisher":"https:\/\/www.facebook.com\/BioEcoActual\/","article_published_time":"2026-09-04T06:00:05+00:00","og_image":[{"width":1200,"height":675,"url":"https:\/\/www.bioecoactual.com\/wp-content\/uploads\/2026\/08\/PAC.jpg","type":"image\/jpeg"}],"author":"Julia","twitter_card":"summary_large_image","twitter_creator":"@bioecoactual","twitter_site":"@bioecoactual","twitter_misc":{"Written by":"Julia","Est. reading time":"6 minutes"},"schema":{"@context":"https:\/\/schema.org","@graph":[{"@type":"Article","@id":"https:\/\/www.bioecoactual.com\/ca\/2026\/09\/04\/el-futur-de-la-pac\/#article","isPartOf":{"@id":"https:\/\/www.bioecoactual.com\/ca\/2026\/09\/04\/el-futur-de-la-pac\/"},"author":{"name":"Julia","@id":"https:\/\/www.bioecoactual.com\/ca\/#\/schema\/person\/1917425621d12045530837796be26ce4"},"headline":"El futur de la PAC: com garantir un suport s\u00f2lid a l&#8217;agricultura ecol\u00f2gica","datePublished":"2026-09-04T06:00:05+00:00","mainEntityOfPage":{"@id":"https:\/\/www.bioecoactual.com\/ca\/2026\/09\/04\/el-futur-de-la-pac\/"},"wordCount":1204,"publisher":{"@id":"https:\/\/www.bioecoactual.com\/ca\/#organization"},"image":{"@id":"https:\/\/www.bioecoactual.com\/ca\/2026\/09\/04\/el-futur-de-la-pac\/#primaryimage"},"thumbnailUrl":"https:\/\/www.bioecoactual.com\/wp-content\/uploads\/2026\/08\/PAC.jpg","articleSection":["Sector Ecol\u00f2gic (Professional)"],"inLanguage":"ca-ES"},{"@type":"WebPage","@id":"https:\/\/www.bioecoactual.com\/ca\/2026\/09\/04\/el-futur-de-la-pac\/","url":"https:\/\/www.bioecoactual.com\/ca\/2026\/09\/04\/el-futur-de-la-pac\/","name":"El futur de la PAC: com garantir un suport s\u00f2lid a l'agricultura ecol\u00f2gica - Bio Eco Actual","isPartOf":{"@id":"https:\/\/www.bioecoactual.com\/ca\/#website"},"primaryImageOfPage":{"@id":"https:\/\/www.bioecoactual.com\/ca\/2026\/09\/04\/el-futur-de-la-pac\/#primaryimage"},"image":{"@id":"https:\/\/www.bioecoactual.com\/ca\/2026\/09\/04\/el-futur-de-la-pac\/#primaryimage"},"thumbnailUrl":"https:\/\/www.bioecoactual.com\/wp-content\/uploads\/2026\/08\/PAC.jpg","datePublished":"2026-09-04T06:00:05+00:00","description":"IFOAM Organics Europe treballa per assegurar que l\u2019agricultura ecol\u00f2gica continu\u00ef estant al cor de la PAC.","breadcrumb":{"@id":"https:\/\/www.bioecoactual.com\/ca\/2026\/09\/04\/el-futur-de-la-pac\/#breadcrumb"},"inLanguage":"ca-ES","potentialAction":[{"@type":"ReadAction","target":["https:\/\/www.bioecoactual.com\/ca\/2026\/09\/04\/el-futur-de-la-pac\/"]}]},{"@type":"ImageObject","inLanguage":"ca-ES","@id":"https:\/\/www.bioecoactual.com\/ca\/2026\/09\/04\/el-futur-de-la-pac\/#primaryimage","url":"https:\/\/www.bioecoactual.com\/wp-content\/uploads\/2026\/08\/PAC.jpg","contentUrl":"https:\/\/www.bioecoactual.com\/wp-content\/uploads\/2026\/08\/PAC.jpg","width":1200,"height":675,"caption":"Ministerio de Agricultura, Pesca y Alimentaci\u00f3n"},{"@type":"BreadcrumbList","@id":"https:\/\/www.bioecoactual.com\/ca\/2026\/09\/04\/el-futur-de-la-pac\/#breadcrumb","itemListElement":[{"@type":"ListItem","position":1,"name":"Portada","item":"https:\/\/www.bioecoactual.com\/ca\/"},{"@type":"ListItem","position":2,"name":"El futur de la PAC: com garantir un suport s\u00f2lid a l&#8217;agricultura ecol\u00f2gica"}]},{"@type":"WebSite","@id":"https:\/\/www.bioecoactual.com\/ca\/#website","url":"https:\/\/www.bioecoactual.com\/ca\/","name":"Bio Eco Actual","description":"Alimentaci\u00f3n Ecol\u00f3gica","publisher":{"@id":"https:\/\/www.bioecoactual.com\/ca\/#organization"},"potentialAction":[{"@type":"SearchAction","target":{"@type":"EntryPoint","urlTemplate":"https:\/\/www.bioecoactual.com\/ca\/?s={search_term_string}"},"query-input":{"@type":"PropertyValueSpecification","valueRequired":true,"valueName":"search_term_string"}}],"inLanguage":"ca-ES"},{"@type":"Organization","@id":"https:\/\/www.bioecoactual.com\/ca\/#organization","name":"Bio Eco Actual","url":"https:\/\/www.bioecoactual.com\/ca\/","logo":{"@type":"ImageObject","inLanguage":"ca-ES","@id":"https:\/\/www.bioecoactual.com\/ca\/#\/schema\/logo\/image\/","url":"https:\/\/www.bioecoactual.com\/wp-content\/uploads\/2022\/01\/BIOECO_CUADRADO_LOGO.png","contentUrl":"https:\/\/www.bioecoactual.com\/wp-content\/uploads\/2022\/01\/BIOECO_CUADRADO_LOGO.png","width":8192,"height":8192,"caption":"Bio Eco Actual"},"image":{"@id":"https:\/\/www.bioecoactual.com\/ca\/#\/schema\/logo\/image\/"},"sameAs":["https:\/\/www.facebook.com\/BioEcoActual\/","https:\/\/x.com\/bioecoactual","https:\/\/www.linkedin.com\/in\/bioecoactual\/"]},{"@type":"Person","@id":"https:\/\/www.bioecoactual.com\/ca\/#\/schema\/person\/1917425621d12045530837796be26ce4","name":"Julia","image":{"@type":"ImageObject","inLanguage":"ca-ES","@id":"https:\/\/secure.gravatar.com\/avatar\/0ae7f1d9b7841d6bac72ee70f9533f6d815d98ebf40ef3a321812da63d66427d?s=96&d=mm&r=g","url":"https:\/\/secure.gravatar.com\/avatar\/0ae7f1d9b7841d6bac72ee70f9533f6d815d98ebf40ef3a321812da63d66427d?s=96&d=mm&r=g","contentUrl":"https:\/\/secure.gravatar.com\/avatar\/0ae7f1d9b7841d6bac72ee70f9533f6d815d98ebf40ef3a321812da63d66427d?s=96&d=mm&r=g","caption":"Julia"},"url":"https:\/\/www.bioecoactual.com\/ca\/author\/julia\/"}]}},"_links":{"self":[{"href":"https:\/\/www.bioecoactual.com\/ca\/wp-json\/wp\/v2\/posts\/128440","targetHints":{"allow":["GET"]}}],"collection":[{"href":"https:\/\/www.bioecoactual.com\/ca\/wp-json\/wp\/v2\/posts"}],"about":[{"href":"https:\/\/www.bioecoactual.com\/ca\/wp-json\/wp\/v2\/types\/post"}],"author":[{"embeddable":true,"href":"https:\/\/www.bioecoactual.com\/ca\/wp-json\/wp\/v2\/users\/592"}],"replies":[{"embeddable":true,"href":"https:\/\/www.bioecoactual.com\/ca\/wp-json\/wp\/v2\/comments?post=128440"}],"version-history":[{"count":2,"href":"https:\/\/www.bioecoactual.com\/ca\/wp-json\/wp\/v2\/posts\/128440\/revisions"}],"predecessor-version":[{"id":128552,"href":"https:\/\/www.bioecoactual.com\/ca\/wp-json\/wp\/v2\/posts\/128440\/revisions\/128552"}],"wp:featuredmedia":[{"embeddable":true,"href":"https:\/\/www.bioecoactual.com\/ca\/wp-json\/wp\/v2\/media\/128437"}],"wp:attachment":[{"href":"https:\/\/www.bioecoactual.com\/ca\/wp-json\/wp\/v2\/media?parent=128440"}],"wp:term":[{"taxonomy":"category","embeddable":true,"href":"https:\/\/www.bioecoactual.com\/ca\/wp-json\/wp\/v2\/categories?post=128440"},{"taxonomy":"post_tag","embeddable":true,"href":"https:\/\/www.bioecoactual.com\/ca\/wp-json\/wp\/v2\/tags?post=128440"}],"curies":[{"name":"wp","href":"https:\/\/api.w.org\/{rel}","templated":true}]}}