{"id":128455,"date":"2026-09-01T09:12:24","date_gmt":"2026-09-01T07:12:24","guid":{"rendered":"https:\/\/www.bioecoactual.com\/?p=128455"},"modified":"2026-09-01T09:44:23","modified_gmt":"2026-09-01T07:44:23","slug":"entrevista-robert-van-den-breemer-horizon-i-monki","status":"publish","type":"post","link":"https:\/\/www.bioecoactual.com\/ca\/2026\/09\/01\/entrevista-robert-van-den-breemer-horizon-i-monki\/","title":{"rendered":"\u00abLa natura fa la feina\u00bb, Robert van den Breemer sobre la nova etapa d\u2019Horizon i Monki"},"content":{"rendered":"<p><span style=\"font-weight: 400;\"><strong>Robert van den Breemer<\/strong> va assumir la direcci\u00f3 d\u2019<strong>Horizon i Monki<\/strong> el gener de 2026. Vegetari\u00e0 i apicultor, va cr\u00e9ixer en una granja lletera i va treballar vuit anys en ramaderia intensiva. Vol dirigir les marques ecol\u00f2giques neerlandeses de manera \u00abbrutalment honesta i transparent\u00bb. Fundada el 1978, l\u2019empresa \u00e9s present directament en 13 pa\u00efsos europeus i arriba almenys a 20 a trav\u00e9s de majoristes. Espanya, on Horizon opera des de 1993, \u00e9s un dels seus mercats hist\u00f2rics.<\/span><\/p>\n<p><!--more--><\/p>\n<div style=\"max-width: 595px; margin: 32px auto 20px; text-align: center;\">\n<p><img loading=\"lazy\" decoding=\"async\" class=\"wp-image-125962 aligncenter\" style=\"width: 595px; max-width: 100%; height: auto; display: block; margin: 0 auto; border-radius: 28px; box-shadow: rgba(0, 0, 0, 0.12) 0px 18px 42px; overflow: hidden;\" src=\"https:\/\/www.bioecoactual.com\/wp-content\/uploads\/2026\/08\/PAG.32_SECCIO_LENTREVISTA.jpg\" alt=\"\" width=\"1000\" height=\"1170\" \/><\/p>\n<p style=\"margin: 8px auto 0; text-align: center; font-size: 13px; line-height: 1.45; color: #666;\">Robert van den Breemer, director de Horizon i Monki.<\/p>\n<\/div>\n<p><span style=\"font-family: georgia, palatino, serif; font-size: 14pt;\"><b>Monki i Horizon tenen una llarga traject\u00f2ria a Espanya. Qu\u00e8 representa per a vosaltres?<\/b><\/span><\/p>\n<p><span style=\"font-weight: 400;\">El 1993, quan es va llan\u00e7ar Bio Spirit \u2014en aquell moment es deia Luz de Vida\u2014, va comen\u00e7ar la hist\u00f2ria d\u2019Horizon a Espanya. Ens remuntem a m\u00e9s de 30 anys. Comprem les ametlles a una cooperativa espanyola des de fa, crec, 35 o 40 anys. Treballem amb els nostres socis a llarg termini.<\/span><\/p>\n<p><span style=\"font-family: georgia, palatino, serif; font-size: 14pt;\"><b>Qu\u00e8 el va atreure de l\u2019empresa i del sector ecol\u00f2gic?<\/b><\/span><\/p>\n<p><span style=\"font-weight: 400;\">\u00c9s una marca ic\u00f2nica per a moltes fam\u00edlies dels Pa\u00efsos Baixos i d\u2019Europa. La gent ens diu: \u00abFa anys que la consumim\u00bb.<\/span><\/p>\n<p><span style=\"font-weight: 400;\">Vaig treballar vuit anys en ramaderia intensiva. All\u00e0 vaig comprendre que calia alimentar els animals d\u2019una manera m\u00e9s sostenible, per\u00f2 per a mi no era suficient. Tamb\u00e9 hem de menjar menys carn i m\u00e9s vegetals. Horizon ha estat ecol\u00f2gica des del principi. Ara en diuen etiqueta neta, per\u00f2 sempre han estat fruita seca, llavors i, en algun cas, una mica de sal. Vam comen\u00e7ar amb un producte, una visi\u00f3 i una idea de com hauria de ser el m\u00f3n, i despr\u00e9s vam construir una marca al seu voltant, no a l\u2019inrev\u00e9s.<\/span><\/p>\n<div style=\"background: #ffffff; border-top: 3px solid #e5aa14; border-bottom: 3px solid #e5aa14; padding: 24px 0; margin: 34px 0;\">\n<p style=\"font-family: Georgia, 'Times New Roman', serif; font-size: 28px; line-height: 1.35; margin: 0; color: #111111; font-weight: bold;\">\u00abVam comen\u00e7ar amb un producte, una visi\u00f3 i una idea de com hauria de ser el m\u00f3n, i despr\u00e9s vam construir una marca al seu voltant, no a l\u2019inrev\u00e9s\u00bb<\/p>\n<\/div>\n<p><span style=\"font-family: georgia, palatino, serif; font-size: 14pt;\"><b>Com marcar\u00e0 el seu lideratge la nova etapa?<\/b><\/span><\/p>\n<p><span style=\"font-weight: 400;\">La qualitat dels productes sempre ha estat el m\u00e9s important, tamb\u00e9 els pots, l\u2019env\u00e0s i el transport. Ara hi ha molta m\u00e9s compet\u00e8ncia, per\u00f2 hem d\u2019explicar per qu\u00e8 la gent hauria de triar Monki o Horizon.<\/span><\/p>\n<p><span style=\"font-weight: 400;\">La natura \u00e9s qui fa la feina. Els nostres prove\u00efdors saben cultivar, collir i processar molt b\u00e9 els ingredients. Nosaltres sabem assecar-los i moldre\u2019ls per obtenir la millor crema de fruita seca o de llavors. Fa d\u00e8cades que hi treballem amb els nostres prove\u00efdors.<\/span><\/p>\n<p><span style=\"font-weight: 400;\">Qualsevol pot comprar fruita seca ecol\u00f2gica i una trituradora i comen\u00e7ar a produir crema. La difer\u00e8ncia \u00e9s ser totalment i brutalment honest i transparent amb el que fas. Nosaltres ho hem estat durant gaireb\u00e9 50 anys.<\/span><\/p>\n<div style=\"background: #ffffff; border-top: 3px solid #e5aa14; border-bottom: 3px solid #e5aa14; padding: 24px 0; margin: 34px 0;\">\n<p style=\"font-family: Georgia, 'Times New Roman', serif; font-size: 28px; line-height: 1.35; margin: 0; color: #111111; font-weight: bold;\">\u00abLa natura \u00e9s qui fa la feina\u00bb<\/p>\n<\/div>\n<p><span style=\"font-family: georgia, palatino, serif; font-size: 14pt;\"><b>Per qu\u00e8 els aliments ecol\u00f2gics continuen sent m\u00e9s cars?<\/b><\/span><\/p>\n<p><span style=\"font-weight: 400;\">L\u2019alimentaci\u00f3 convencional \u00e9s massa barata. Gastem molts diners subvencionant-la, i crec que aquests recursos s\u2019haurien de destinar a aliments sostenibles i viables a llarg termini.<\/span><\/p>\n<p><span style=\"font-weight: 400;\">El sector ecol\u00f2gic \u00e9s petit i produir \u00e9s dif\u00edcil. Cal un agricultor que s\u00e0piga intervenir sense limitar-se a aplicar pesticides. No es poden prendre dreceres. El sector no ha atret prou inversi\u00f3 per produir eficientment. Quan augmenti el volum ecol\u00f2gic, ser\u00e0 m\u00e9s f\u00e0cil dedicar magatzems, camions i l\u00ednies de processament a aquests productes, reduint els costos. Els preus ecol\u00f2gics baixaran, mentre que l\u2019alimentaci\u00f3 convencional s\u2019haur\u00e0 d\u2019encarir.<\/span><\/p>\n<p><span style=\"font-family: georgia, palatino, serif; font-size: 14pt;\"><b>Qu\u00e8 diferencia el seu model d\u2019aprovisionament?<\/b><\/span><\/p>\n<p><span style=\"font-weight: 400;\">Comprem mango deshidratat a Burkina Faso al mateix prove\u00efdor des de fa m\u00e9s de 25 anys, i ametlles a Espanya des de fa uns 40. Donem suport a cooperatives i programes locals. No abandonem un prove\u00efdor perqu\u00e8 passi un any dif\u00edcil. Treballem a llarg termini.<\/span><\/p>\n<div style=\"background: #ffffff; border-top: 3px solid #e5aa14; border-bottom: 3px solid #e5aa14; padding: 24px 0; margin: 34px 0;\">\n<p style=\"font-family: Georgia, 'Times New Roman', serif; font-size: 28px; line-height: 1.35; margin: 0; color: #111111; font-weight: bold;\">\u00abNo abandonem un prove\u00efdor perqu\u00e8 passi un any dif\u00edcil. Treballem a llarg termini\u00bb<\/p>\n<\/div>\n<p><span style=\"font-family: georgia, palatino, serif; font-size: 14pt;\"><b>Qu\u00e8 canviar\u00e0 en el disseny dels seus productes? I en la seva pres\u00e8ncia a Espanya?<\/b><\/span><\/p>\n<p><span style=\"font-weight: 400;\">L\u2019artista que ha desenvolupat la majoria de les nostres etiquetes fa 40 anys que treballa amb nosaltres. Els envasos de Monki sempre han intentat sorprendre: entre les fulles i la fruita seca, de vegades s\u2019hi pot descobrir una cara. Ho volem conservar, per\u00f2 simplificar el disseny perqu\u00e8 el producte s\u2019identifiqui millor i sigui m\u00e9s modern.<\/span><\/p>\n<p><span style=\"font-weight: 400;\">Espanya \u00e9s molt important per a nosaltres i veiem un gran potencial en aquest mercat. Crec que en els \u00faltims anys no hem prestat a Espanya l\u2019atenci\u00f3 que mereix, i aix\u00f2 ho volem canviar. Volem dedicar-hi m\u00e9s temps i atenci\u00f3, i visitarem Espanya amb m\u00e9s freq\u00fc\u00e8ncia per treballar amb els nostres socis i contribuir al seu desenvolupament.<\/span><\/p>\n<p><span style=\"font-weight: 400;\">Tamb\u00e9 estem treballant en una p\u00e0gina web renovada, que ens ajudar\u00e0 a atendre i connectar amb els nostres clients espanyols a trav\u00e9s de Monki. En els propers mesos, ens centrarem en el desenvolupament de les nostres marques i nous productes. Volem explicar la hist\u00f2ria de Monki amb m\u00e9s claredat i donar-la a con\u00e8ixer al mercat. La marca ja compta amb una s\u00f2lida posici\u00f3 i una llarga traject\u00f2ria a Espanya, i volem consolidar aquesta base.<\/span><\/p>\n<p><strong>Autor: <\/strong>Oriol Urrutia, Co-Editor i Polit\u00f2leg.<\/p>\n<p><a href=\"https:\/\/www.bioecoactual.com\/ca\/subscripcio\/\" target=\"_blank\" rel=\"noopener noreferrer\"><strong>Subscriu-te<\/strong><\/a><strong> a la Newsletter i rep cada mes Bio Eco Actual gratis al teu correu<\/strong><\/p>\n<p><strong><em>Bio Eco Actual<\/em><\/strong>, <em>el teu mensual 100% ecol\u00f2gic<\/em><strong><br \/>\n<\/strong><a href=\"https:\/\/www.bioecoactual.com\/wp-content\/uploads\/2026\/08\/BioEcoActual_Setembre_2026.pdf\" target=\"_blank\" rel=\"noopener noreferrer\"><strong> Llegir Bio Eco Actual Setembre 2026<\/strong><\/a><\/p>\n<p><iframe style=\"border: none; width: 100%; height: 520px;\" src=\"\/\/e.issuu.com\/embed.html?d=bioecoactual_setembre_2026&amp;hideIssuuLogo=true&amp;showOtherPublicationsAsSuggestions=true&amp;u=bioecoactual\" allowfullscreen=\"allowfullscreen\"> <\/iframe><\/p>\n","protected":false},"excerpt":{"rendered":"<p>Robert van den Breemer va assumir la direcci&oacute; d&rsquo;Horizon i Monki el gener de 2026. Vegetari&agrave; i apicultor, va cr&eacute;ixer en una granja lletera i va treballar vuit anys en ramaderia intensiva. Vol dirigir les marques ecol&ograve;giques neerlandeses de manera &laquo;brutalment honesta i transparent&raquo;. Fundada el 1978, l&rsquo;empresa &eacute;s present directament en 13 pa&iuml;sos europeus [&hellip;]<\/p>\n","protected":false},"author":592,"featured_media":128452,"comment_status":"closed","ping_status":"closed","sticky":false,"template":"","format":"standard","meta":{"footnotes":""},"categories":[7173],"tags":[],"class_list":["post-128455","post","type-post","status-publish","format-standard","has-post-thumbnail","category-professional"],"yoast_head":"<!-- This site is optimized with the Yoast SEO Premium plugin v28.3 (Yoast SEO v28.3) - https:\/\/yoast.com\/product\/yoast-seo-premium-wordpress\/ -->\n<title>\u00abLa natura fa la feina\u00bb, Robert van den Breemer sobre la nova etapa d\u2019Horizon i Monki - Bio Eco Actual<\/title>\n<meta name=\"description\" content=\"De la ramaderia intensiva a la producci\u00f3 ecol\u00f2gica. Robert van den Breemer dirigeix Horizon i Monki amb una filosofia honesta i transparent.\" \/>\n<meta name=\"robots\" content=\"index, follow, max-snippet:-1, max-image-preview:large, max-video-preview:-1\" \/>\n<link rel=\"canonical\" href=\"https:\/\/www.bioecoactual.com\/ca\/2026\/09\/01\/entrevista-robert-van-den-breemer-horizon-i-monki\/\" \/>\n<meta property=\"og:locale\" content=\"ca_ES\" \/>\n<meta property=\"og:type\" content=\"article\" \/>\n<meta property=\"og:title\" content=\"\u00abLa natura fa la feina\u00bb, Robert van den Breemer sobre la nova etapa d\u2019Horizon i Monki\" \/>\n<meta property=\"og:description\" content=\"De la ramaderia intensiva a la producci\u00f3 ecol\u00f2gica. Robert van den Breemer dirigeix Horizon i Monki amb una filosofia honesta i transparent.\" \/>\n<meta property=\"og:url\" content=\"https:\/\/www.bioecoactual.com\/ca\/2026\/09\/01\/entrevista-robert-van-den-breemer-horizon-i-monki\/\" \/>\n<meta property=\"og:site_name\" content=\"Bio Eco Actual\" \/>\n<meta property=\"article:publisher\" content=\"https:\/\/www.facebook.com\/BioEcoActual\/\" \/>\n<meta property=\"article:published_time\" content=\"2026-09-01T07:12:24+00:00\" \/>\n<meta property=\"article:modified_time\" content=\"2026-09-01T07:44:23+00:00\" \/>\n<meta property=\"og:image\" content=\"https:\/\/www.bioecoactual.com\/wp-content\/uploads\/2026\/08\/PAG.32_SECCIO_LENTREVISTA.jpg\" \/>\n\t<meta property=\"og:image:width\" content=\"1000\" \/>\n\t<meta property=\"og:image:height\" content=\"1170\" \/>\n\t<meta property=\"og:image:type\" content=\"image\/jpeg\" \/>\n<meta name=\"author\" content=\"Julia\" \/>\n<meta name=\"twitter:card\" content=\"summary_large_image\" \/>\n<meta name=\"twitter:creator\" content=\"@bioecoactual\" \/>\n<meta name=\"twitter:site\" content=\"@bioecoactual\" \/>\n<meta name=\"twitter:label1\" content=\"Written by\" \/>\n\t<meta name=\"twitter:data1\" content=\"Julia\" \/>\n\t<meta name=\"twitter:label2\" content=\"Est. reading time\" \/>\n\t<meta name=\"twitter:data2\" content=\"5 minutes\" \/>\n<script type=\"application\/ld+json\" class=\"yoast-schema-graph\">{\"@context\":\"https:\\\/\\\/schema.org\",\"@graph\":[{\"@type\":\"Article\",\"@id\":\"https:\\\/\\\/www.bioecoactual.com\\\/ca\\\/2026\\\/09\\\/01\\\/entrevista-robert-van-den-breemer-horizon-i-monki\\\/#article\",\"isPartOf\":{\"@id\":\"https:\\\/\\\/www.bioecoactual.com\\\/ca\\\/2026\\\/09\\\/01\\\/entrevista-robert-van-den-breemer-horizon-i-monki\\\/\"},\"author\":{\"name\":\"Julia\",\"@id\":\"https:\\\/\\\/www.bioecoactual.com\\\/#\\\/schema\\\/person\\\/1917425621d12045530837796be26ce4\"},\"headline\":\"\u00abLa natura fa la feina\u00bb, Robert van den Breemer sobre la nova etapa d\u2019Horizon i Monki\",\"datePublished\":\"2026-09-01T07:12:24+00:00\",\"dateModified\":\"2026-09-01T07:44:23+00:00\",\"mainEntityOfPage\":{\"@id\":\"https:\\\/\\\/www.bioecoactual.com\\\/ca\\\/2026\\\/09\\\/01\\\/entrevista-robert-van-den-breemer-horizon-i-monki\\\/\"},\"wordCount\":924,\"publisher\":{\"@id\":\"https:\\\/\\\/www.bioecoactual.com\\\/#organization\"},\"image\":{\"@id\":\"https:\\\/\\\/www.bioecoactual.com\\\/ca\\\/2026\\\/09\\\/01\\\/entrevista-robert-van-den-breemer-horizon-i-monki\\\/#primaryimage\"},\"thumbnailUrl\":\"https:\\\/\\\/www.bioecoactual.com\\\/wp-content\\\/uploads\\\/2026\\\/08\\\/PAG.32_SECCIO_LENTREVISTA.jpg\",\"articleSection\":[\"Sector Ecol\u00f2gic (Professional)\"],\"inLanguage\":\"ca-ES\"},{\"@type\":\"WebPage\",\"@id\":\"https:\\\/\\\/www.bioecoactual.com\\\/ca\\\/2026\\\/09\\\/01\\\/entrevista-robert-van-den-breemer-horizon-i-monki\\\/\",\"url\":\"https:\\\/\\\/www.bioecoactual.com\\\/ca\\\/2026\\\/09\\\/01\\\/entrevista-robert-van-den-breemer-horizon-i-monki\\\/\",\"name\":\"\u00abLa natura fa la feina\u00bb, Robert van den Breemer sobre la nova etapa d\u2019Horizon i Monki - Bio Eco Actual\",\"isPartOf\":{\"@id\":\"https:\\\/\\\/www.bioecoactual.com\\\/#website\"},\"primaryImageOfPage\":{\"@id\":\"https:\\\/\\\/www.bioecoactual.com\\\/ca\\\/2026\\\/09\\\/01\\\/entrevista-robert-van-den-breemer-horizon-i-monki\\\/#primaryimage\"},\"image\":{\"@id\":\"https:\\\/\\\/www.bioecoactual.com\\\/ca\\\/2026\\\/09\\\/01\\\/entrevista-robert-van-den-breemer-horizon-i-monki\\\/#primaryimage\"},\"thumbnailUrl\":\"https:\\\/\\\/www.bioecoactual.com\\\/wp-content\\\/uploads\\\/2026\\\/08\\\/PAG.32_SECCIO_LENTREVISTA.jpg\",\"datePublished\":\"2026-09-01T07:12:24+00:00\",\"dateModified\":\"2026-09-01T07:44:23+00:00\",\"description\":\"De la ramaderia intensiva a la producci\u00f3 ecol\u00f2gica. Robert van den Breemer dirigeix Horizon i Monki amb una filosofia honesta i transparent.\",\"breadcrumb\":{\"@id\":\"https:\\\/\\\/www.bioecoactual.com\\\/ca\\\/2026\\\/09\\\/01\\\/entrevista-robert-van-den-breemer-horizon-i-monki\\\/#breadcrumb\"},\"inLanguage\":\"ca-ES\",\"potentialAction\":[{\"@type\":\"ReadAction\",\"target\":[\"https:\\\/\\\/www.bioecoactual.com\\\/ca\\\/2026\\\/09\\\/01\\\/entrevista-robert-van-den-breemer-horizon-i-monki\\\/\"]}]},{\"@type\":\"ImageObject\",\"inLanguage\":\"ca-ES\",\"@id\":\"https:\\\/\\\/www.bioecoactual.com\\\/ca\\\/2026\\\/09\\\/01\\\/entrevista-robert-van-den-breemer-horizon-i-monki\\\/#primaryimage\",\"url\":\"https:\\\/\\\/www.bioecoactual.com\\\/wp-content\\\/uploads\\\/2026\\\/08\\\/PAG.32_SECCIO_LENTREVISTA.jpg\",\"contentUrl\":\"https:\\\/\\\/www.bioecoactual.com\\\/wp-content\\\/uploads\\\/2026\\\/08\\\/PAG.32_SECCIO_LENTREVISTA.jpg\",\"width\":1000,\"height\":1170,\"caption\":\"Robert van den Breemer,\"},{\"@type\":\"BreadcrumbList\",\"@id\":\"https:\\\/\\\/www.bioecoactual.com\\\/ca\\\/2026\\\/09\\\/01\\\/entrevista-robert-van-den-breemer-horizon-i-monki\\\/#breadcrumb\",\"itemListElement\":[{\"@type\":\"ListItem\",\"position\":1,\"name\":\"Portada\",\"item\":\"https:\\\/\\\/www.bioecoactual.com\\\/ca\\\/\"},{\"@type\":\"ListItem\",\"position\":2,\"name\":\"\u00abLa natura fa la feina\u00bb, Robert van den Breemer sobre la nova etapa d\u2019Horizon i Monki\"}]},{\"@type\":\"WebSite\",\"@id\":\"https:\\\/\\\/www.bioecoactual.com\\\/#website\",\"url\":\"https:\\\/\\\/www.bioecoactual.com\\\/\",\"name\":\"Bio Eco Actual\",\"description\":\"Alimentaci\u00f3n Ecol\u00f3gica\",\"publisher\":{\"@id\":\"https:\\\/\\\/www.bioecoactual.com\\\/#organization\"},\"potentialAction\":[{\"@type\":\"SearchAction\",\"target\":{\"@type\":\"EntryPoint\",\"urlTemplate\":\"https:\\\/\\\/www.bioecoactual.com\\\/?s={search_term_string}\"},\"query-input\":{\"@type\":\"PropertyValueSpecification\",\"valueRequired\":true,\"valueName\":\"search_term_string\"}}],\"inLanguage\":\"ca-ES\"},{\"@type\":\"Organization\",\"@id\":\"https:\\\/\\\/www.bioecoactual.com\\\/#organization\",\"name\":\"Bio Eco Actual\",\"url\":\"https:\\\/\\\/www.bioecoactual.com\\\/\",\"logo\":{\"@type\":\"ImageObject\",\"inLanguage\":\"ca-ES\",\"@id\":\"https:\\\/\\\/www.bioecoactual.com\\\/#\\\/schema\\\/logo\\\/image\\\/\",\"url\":\"https:\\\/\\\/www.bioecoactual.com\\\/wp-content\\\/uploads\\\/2022\\\/01\\\/BIOECO_CUADRADO_LOGO.png\",\"contentUrl\":\"https:\\\/\\\/www.bioecoactual.com\\\/wp-content\\\/uploads\\\/2022\\\/01\\\/BIOECO_CUADRADO_LOGO.png\",\"width\":8192,\"height\":8192,\"caption\":\"Bio Eco Actual\"},\"image\":{\"@id\":\"https:\\\/\\\/www.bioecoactual.com\\\/#\\\/schema\\\/logo\\\/image\\\/\"},\"sameAs\":[\"https:\\\/\\\/www.facebook.com\\\/BioEcoActual\\\/\",\"https:\\\/\\\/x.com\\\/bioecoactual\",\"https:\\\/\\\/www.linkedin.com\\\/in\\\/bioecoactual\\\/\"]},{\"@type\":\"Person\",\"@id\":\"https:\\\/\\\/www.bioecoactual.com\\\/#\\\/schema\\\/person\\\/1917425621d12045530837796be26ce4\",\"name\":\"Julia\",\"image\":{\"@type\":\"ImageObject\",\"inLanguage\":\"ca-ES\",\"@id\":\"https:\\\/\\\/secure.gravatar.com\\\/avatar\\\/0ae7f1d9b7841d6bac72ee70f9533f6d815d98ebf40ef3a321812da63d66427d?s=96&d=mm&r=g\",\"url\":\"https:\\\/\\\/secure.gravatar.com\\\/avatar\\\/0ae7f1d9b7841d6bac72ee70f9533f6d815d98ebf40ef3a321812da63d66427d?s=96&d=mm&r=g\",\"contentUrl\":\"https:\\\/\\\/secure.gravatar.com\\\/avatar\\\/0ae7f1d9b7841d6bac72ee70f9533f6d815d98ebf40ef3a321812da63d66427d?s=96&d=mm&r=g\",\"caption\":\"Julia\"},\"url\":\"https:\\\/\\\/www.bioecoactual.com\\\/ca\\\/author\\\/julia\\\/\"}]}<\/script>\n<!-- \/ Yoast SEO Premium plugin. -->","yoast_head_json":{"title":"\u00abLa natura fa la feina\u00bb, Robert van den Breemer sobre la nova etapa d\u2019Horizon i Monki - Bio Eco Actual","description":"De la ramaderia intensiva a la producci\u00f3 ecol\u00f2gica. Robert van den Breemer dirigeix Horizon i Monki amb una filosofia honesta i transparent.","robots":{"index":"index","follow":"follow","max-snippet":"max-snippet:-1","max-image-preview":"max-image-preview:large","max-video-preview":"max-video-preview:-1"},"canonical":"https:\/\/www.bioecoactual.com\/ca\/2026\/09\/01\/entrevista-robert-van-den-breemer-horizon-i-monki\/","og_locale":"ca_ES","og_type":"article","og_title":"\u00abLa natura fa la feina\u00bb, Robert van den Breemer sobre la nova etapa d\u2019Horizon i Monki","og_description":"De la ramaderia intensiva a la producci\u00f3 ecol\u00f2gica. Robert van den Breemer dirigeix Horizon i Monki amb una filosofia honesta i transparent.","og_url":"https:\/\/www.bioecoactual.com\/ca\/2026\/09\/01\/entrevista-robert-van-den-breemer-horizon-i-monki\/","og_site_name":"Bio Eco Actual","article_publisher":"https:\/\/www.facebook.com\/BioEcoActual\/","article_published_time":"2026-09-01T07:12:24+00:00","article_modified_time":"2026-09-01T07:44:23+00:00","og_image":[{"width":1000,"height":1170,"url":"https:\/\/www.bioecoactual.com\/wp-content\/uploads\/2026\/08\/PAG.32_SECCIO_LENTREVISTA.jpg","type":"image\/jpeg"}],"author":"Julia","twitter_card":"summary_large_image","twitter_creator":"@bioecoactual","twitter_site":"@bioecoactual","twitter_misc":{"Written by":"Julia","Est. reading time":"5 minutes"},"schema":{"@context":"https:\/\/schema.org","@graph":[{"@type":"Article","@id":"https:\/\/www.bioecoactual.com\/ca\/2026\/09\/01\/entrevista-robert-van-den-breemer-horizon-i-monki\/#article","isPartOf":{"@id":"https:\/\/www.bioecoactual.com\/ca\/2026\/09\/01\/entrevista-robert-van-den-breemer-horizon-i-monki\/"},"author":{"name":"Julia","@id":"https:\/\/www.bioecoactual.com\/#\/schema\/person\/1917425621d12045530837796be26ce4"},"headline":"\u00abLa natura fa la feina\u00bb, Robert van den Breemer sobre la nova etapa d\u2019Horizon i Monki","datePublished":"2026-09-01T07:12:24+00:00","dateModified":"2026-09-01T07:44:23+00:00","mainEntityOfPage":{"@id":"https:\/\/www.bioecoactual.com\/ca\/2026\/09\/01\/entrevista-robert-van-den-breemer-horizon-i-monki\/"},"wordCount":924,"publisher":{"@id":"https:\/\/www.bioecoactual.com\/#organization"},"image":{"@id":"https:\/\/www.bioecoactual.com\/ca\/2026\/09\/01\/entrevista-robert-van-den-breemer-horizon-i-monki\/#primaryimage"},"thumbnailUrl":"https:\/\/www.bioecoactual.com\/wp-content\/uploads\/2026\/08\/PAG.32_SECCIO_LENTREVISTA.jpg","articleSection":["Sector Ecol\u00f2gic (Professional)"],"inLanguage":"ca-ES"},{"@type":"WebPage","@id":"https:\/\/www.bioecoactual.com\/ca\/2026\/09\/01\/entrevista-robert-van-den-breemer-horizon-i-monki\/","url":"https:\/\/www.bioecoactual.com\/ca\/2026\/09\/01\/entrevista-robert-van-den-breemer-horizon-i-monki\/","name":"\u00abLa natura fa la feina\u00bb, Robert van den Breemer sobre la nova etapa d\u2019Horizon i Monki - Bio Eco Actual","isPartOf":{"@id":"https:\/\/www.bioecoactual.com\/#website"},"primaryImageOfPage":{"@id":"https:\/\/www.bioecoactual.com\/ca\/2026\/09\/01\/entrevista-robert-van-den-breemer-horizon-i-monki\/#primaryimage"},"image":{"@id":"https:\/\/www.bioecoactual.com\/ca\/2026\/09\/01\/entrevista-robert-van-den-breemer-horizon-i-monki\/#primaryimage"},"thumbnailUrl":"https:\/\/www.bioecoactual.com\/wp-content\/uploads\/2026\/08\/PAG.32_SECCIO_LENTREVISTA.jpg","datePublished":"2026-09-01T07:12:24+00:00","dateModified":"2026-09-01T07:44:23+00:00","description":"De la ramaderia intensiva a la producci\u00f3 ecol\u00f2gica. Robert van den Breemer dirigeix Horizon i Monki amb una filosofia honesta i transparent.","breadcrumb":{"@id":"https:\/\/www.bioecoactual.com\/ca\/2026\/09\/01\/entrevista-robert-van-den-breemer-horizon-i-monki\/#breadcrumb"},"inLanguage":"ca-ES","potentialAction":[{"@type":"ReadAction","target":["https:\/\/www.bioecoactual.com\/ca\/2026\/09\/01\/entrevista-robert-van-den-breemer-horizon-i-monki\/"]}]},{"@type":"ImageObject","inLanguage":"ca-ES","@id":"https:\/\/www.bioecoactual.com\/ca\/2026\/09\/01\/entrevista-robert-van-den-breemer-horizon-i-monki\/#primaryimage","url":"https:\/\/www.bioecoactual.com\/wp-content\/uploads\/2026\/08\/PAG.32_SECCIO_LENTREVISTA.jpg","contentUrl":"https:\/\/www.bioecoactual.com\/wp-content\/uploads\/2026\/08\/PAG.32_SECCIO_LENTREVISTA.jpg","width":1000,"height":1170,"caption":"Robert van den Breemer,"},{"@type":"BreadcrumbList","@id":"https:\/\/www.bioecoactual.com\/ca\/2026\/09\/01\/entrevista-robert-van-den-breemer-horizon-i-monki\/#breadcrumb","itemListElement":[{"@type":"ListItem","position":1,"name":"Portada","item":"https:\/\/www.bioecoactual.com\/ca\/"},{"@type":"ListItem","position":2,"name":"\u00abLa natura fa la feina\u00bb, Robert van den Breemer sobre la nova etapa d\u2019Horizon i Monki"}]},{"@type":"WebSite","@id":"https:\/\/www.bioecoactual.com\/#website","url":"https:\/\/www.bioecoactual.com\/","name":"Bio Eco Actual","description":"Alimentaci\u00f3n Ecol\u00f3gica","publisher":{"@id":"https:\/\/www.bioecoactual.com\/#organization"},"potentialAction":[{"@type":"SearchAction","target":{"@type":"EntryPoint","urlTemplate":"https:\/\/www.bioecoactual.com\/?s={search_term_string}"},"query-input":{"@type":"PropertyValueSpecification","valueRequired":true,"valueName":"search_term_string"}}],"inLanguage":"ca-ES"},{"@type":"Organization","@id":"https:\/\/www.bioecoactual.com\/#organization","name":"Bio Eco Actual","url":"https:\/\/www.bioecoactual.com\/","logo":{"@type":"ImageObject","inLanguage":"ca-ES","@id":"https:\/\/www.bioecoactual.com\/#\/schema\/logo\/image\/","url":"https:\/\/www.bioecoactual.com\/wp-content\/uploads\/2022\/01\/BIOECO_CUADRADO_LOGO.png","contentUrl":"https:\/\/www.bioecoactual.com\/wp-content\/uploads\/2022\/01\/BIOECO_CUADRADO_LOGO.png","width":8192,"height":8192,"caption":"Bio Eco Actual"},"image":{"@id":"https:\/\/www.bioecoactual.com\/#\/schema\/logo\/image\/"},"sameAs":["https:\/\/www.facebook.com\/BioEcoActual\/","https:\/\/x.com\/bioecoactual","https:\/\/www.linkedin.com\/in\/bioecoactual\/"]},{"@type":"Person","@id":"https:\/\/www.bioecoactual.com\/#\/schema\/person\/1917425621d12045530837796be26ce4","name":"Julia","image":{"@type":"ImageObject","inLanguage":"ca-ES","@id":"https:\/\/secure.gravatar.com\/avatar\/0ae7f1d9b7841d6bac72ee70f9533f6d815d98ebf40ef3a321812da63d66427d?s=96&d=mm&r=g","url":"https:\/\/secure.gravatar.com\/avatar\/0ae7f1d9b7841d6bac72ee70f9533f6d815d98ebf40ef3a321812da63d66427d?s=96&d=mm&r=g","contentUrl":"https:\/\/secure.gravatar.com\/avatar\/0ae7f1d9b7841d6bac72ee70f9533f6d815d98ebf40ef3a321812da63d66427d?s=96&d=mm&r=g","caption":"Julia"},"url":"https:\/\/www.bioecoactual.com\/ca\/author\/julia\/"}]}},"_links":{"self":[{"href":"https:\/\/www.bioecoactual.com\/ca\/wp-json\/wp\/v2\/posts\/128455","targetHints":{"allow":["GET"]}}],"collection":[{"href":"https:\/\/www.bioecoactual.com\/ca\/wp-json\/wp\/v2\/posts"}],"about":[{"href":"https:\/\/www.bioecoactual.com\/ca\/wp-json\/wp\/v2\/types\/post"}],"author":[{"embeddable":true,"href":"https:\/\/www.bioecoactual.com\/ca\/wp-json\/wp\/v2\/users\/592"}],"replies":[{"embeddable":true,"href":"https:\/\/www.bioecoactual.com\/ca\/wp-json\/wp\/v2\/comments?post=128455"}],"version-history":[{"count":2,"href":"https:\/\/www.bioecoactual.com\/ca\/wp-json\/wp\/v2\/posts\/128455\/revisions"}],"predecessor-version":[{"id":128470,"href":"https:\/\/www.bioecoactual.com\/ca\/wp-json\/wp\/v2\/posts\/128455\/revisions\/128470"}],"wp:featuredmedia":[{"embeddable":true,"href":"https:\/\/www.bioecoactual.com\/ca\/wp-json\/wp\/v2\/media\/128452"}],"wp:attachment":[{"href":"https:\/\/www.bioecoactual.com\/ca\/wp-json\/wp\/v2\/media?parent=128455"}],"wp:term":[{"taxonomy":"category","embeddable":true,"href":"https:\/\/www.bioecoactual.com\/ca\/wp-json\/wp\/v2\/categories?post=128455"},{"taxonomy":"post_tag","embeddable":true,"href":"https:\/\/www.bioecoactual.com\/ca\/wp-json\/wp\/v2\/tags?post=128455"}],"curies":[{"name":"wp","href":"https:\/\/api.w.org\/{rel}","templated":true}]}}