{"id":128559,"date":"2026-09-04T08:30:45","date_gmt":"2026-09-04T06:30:45","guid":{"rendered":"https:\/\/www.bioecoactual.com\/?p=128559"},"modified":"2026-09-03T13:05:05","modified_gmt":"2026-09-03T11:05:05","slug":"raim-de-taula-ecologic-sabor-diversitat-ofici","status":"publish","type":"post","link":"https:\/\/www.bioecoactual.com\/ca\/2026\/09\/04\/raim-de-taula-ecologic-sabor-diversitat-ofici\/","title":{"rendered":"El ra\u00efm de taula: sabor, diversitat i ofici"},"content":{"rendered":"<p style=\"margin: 0 0 18px 0;\">Quan arriba el final de l\u2019estiu, el ra\u00efm es converteix en un dels grans protagonistes del camp. Despr\u00e9s de mesos de feina, d\u2019acompanyar l\u2019evoluci\u00f3 dels ceps i d\u2019estar pendents de la calor, la humitat i el punt de maduraci\u00f3, arriba el moment de collir.<\/p>\n<p><!--more--><\/p>\n<figure id=\"attachment_128555\" aria-describedby=\"caption-attachment-128555\" style=\"width: 1000px\" class=\"wp-caption aligncenter\"><img loading=\"lazy\" decoding=\"async\" class=\"wp-image-128555 size-full\" style=\"width: 100%; height: auto; display: block; border-radius: 28px; box-shadow: 0 18px 42px rgba(0,0,0,0.12); overflow: hidden;\" src=\"https:\/\/www.bioecoactual.com\/wp-content\/uploads\/2026\/09\/PAG.4_SECCIO_AGRICULTURA.jpg\" alt=\"La uva \" width=\"1000\" height=\"669\" srcset=\"https:\/\/www.bioecoactual.com\/wp-content\/uploads\/2026\/09\/PAG.4_SECCIO_AGRICULTURA.jpg 1000w, https:\/\/www.bioecoactual.com\/wp-content\/uploads\/2026\/09\/PAG.4_SECCIO_AGRICULTURA-768x514.jpg 768w, https:\/\/www.bioecoactual.com\/wp-content\/uploads\/2026\/09\/PAG.4_SECCIO_AGRICULTURA-628x420.jpg 628w, https:\/\/www.bioecoactual.com\/wp-content\/uploads\/2026\/09\/PAG.4_SECCIO_AGRICULTURA-696x466.jpg 696w\" sizes=\"auto, (max-width: 1000px) 100vw, 1000px\" \/><figcaption id=\"caption-attachment-128555\" class=\"wp-caption-text\">\u00a9Marta Montmany<\/figcaption><\/figure>\n<div style=\"margin: 34px 0 0 0;\">\n<p style=\"margin: 0 0 18px 0;\">A Sant Jaume Sesoliveres, on treballo com a pag\u00e8s ecol\u00f2gic i soci d\u2019Hortec, cultivo principalment dues varietats de ra\u00efm de taula amb molta personalitat: el Cardinal i el Fragola.<\/p>\n<p style=\"margin: 0 0 18px 0;\">El Cardinal \u00e9s una de les primeres varietats que collim. T\u00e9 grans grossos, de color vermell violaci, una polpa carnosa i una textura agradable. \u00c9s un ra\u00efm molt vist\u00f3s, per\u00f2 el seu valor no \u00e9s nom\u00e9s l\u2019aspecte: quan es cull en el moment adequat, ofereix un bon equilibri entre dol\u00e7or i frescor. Amb el ra\u00efm, el punt de collita \u00e9s determinant. Cal observar b\u00e9 cada cep i no precipitar-se, perqu\u00e8 uns dies poden marcar la difer\u00e8ncia entre una fruita encara verda i un ra\u00efm ple de sabor.<\/p>\n<\/div>\n<div style=\"background: #ffffff; border-top: 3px solid #e5aa14; border-bottom: 3px solid #e5aa14; padding: 24px 0; margin: 34px 0;\">\n<p style=\"font-family: Georgia, 'Times New Roman', serif; font-size: 28px; line-height: 1.35; margin: 0; color: #111111; font-weight: bold;\">Amb el ra\u00efm, el punt de collita \u00e9s determinant. Cal observar b\u00e9 cada cep i no precipitar-se<\/p>\n<\/div>\n<div style=\"margin: 34px 0 0 0;\">\n<p style=\"margin: 0 0 18px 0;\">El Fragola \u00e9s una varietat molt diferent i especialment preuada per les persones que la coneixen. T\u00e9 una aroma intensa i molt caracter\u00edstica, que recorda la maduixa, i un gust que sorpr\u00e8n perqu\u00e8 s\u2019allunya del perfil m\u00e9s habitual del ra\u00efm de taula. No \u00e9s una varietat que es trobi f\u00e0cilment als circuits comercials convencionals, i aquesta singularitat \u00e9s precisament una part del seu valor. Per a mi, cultivar-la \u00e9s tamb\u00e9 una manera de conservar diversitat i d\u2019oferir un producte amb identitat pr\u00f2pia, capa\u00e7 de despertar records i de generar curiositat entre qui el prova per primera vegada.<\/p>\n<p style=\"margin: 0 0 18px 0;\">A Hortec, aquestes varietats es complementen amb el ra\u00efm que cultiva un altre soci de la cooperativa, com el Victoria i el Black Magic. El Victoria \u00e9s un ra\u00efm blanc, de gra gran i allargat, amb una textura cruixent i un gust suau. El Black Magic, en canvi, t\u00e9 grans grossos i foscos, una pres\u00e8ncia molt atractiva i una dol\u00e7or marcada. Cada varietat t\u00e9 el seu ritme, la seva aparen\u00e7a i el seu perfil de sabor. Aquesta diversitat ens permet allargar la temporada i oferir diferents opcions sense perdre el vincle amb l\u2019origen i amb la pagesia.<\/p>\n<\/div>\n<div style=\"background: #ffffff; border-top: 3px solid #e5aa14; border-bottom: 3px solid #e5aa14; padding: 24px 0; margin: 34px 0;\">\n<p style=\"font-family: Georgia, 'Times New Roman', serif; font-size: 28px; line-height: 1.35; margin: 0; color: #111111; font-weight: bold;\">Cada varietat t\u00e9 el seu ritme, la seva aparen\u00e7a i el seu perfil de sabor<\/p>\n<\/div>\n<div style=\"margin: 34px 0 0 0;\">\n<h2 style=\"font-family: Georgia, 'Times New Roman', serif; font-size: 30px; line-height: 1.25; margin: 0 0 16px 0; color: #111111;\">Produir ra\u00efm ecol\u00f2gic exigeix molta observaci\u00f3<\/h2>\n<p style=\"margin: 0 0 18px 0;\">El cep \u00e9s una planta sensible i cal estar atent a l\u2019equilibri entre vegetaci\u00f3 i fruit, a la ventilaci\u00f3 dels ra\u00efms i a l\u2019estat sanitari de la planta. No es tracta nom\u00e9s d\u2019esperar que el fruit creixi, sin\u00f3 d\u2019acompanyar tot el cicle, prendre decisions en el moment adequat i intervenir amb criteri, respectant el s\u00f2l, la biodiversitat i els processos naturals. Els darrers anys, a m\u00e9s, la calor intensa i la irregularitat de les pluges ens obliguen a adaptar-nos constantment. Les temperatures elevades poden accelerar la maduraci\u00f3 i fer que la finestra \u00f2ptima de collita sigui m\u00e9s curta. Per aix\u00f2, l\u2019experi\u00e8ncia i el seguiment diari del camp s\u00f3n cada vegada m\u00e9s importants. La pagesia sempre ha treballat observant el temps, per\u00f2 avui aquesta capacitat d\u2019adaptaci\u00f3 \u00e9s encara m\u00e9s necess\u00e0ria. Consumir ra\u00efm de temporada i de proximitat \u00e9s una manera senzilla de reconnectar amb aquest ritme. Darrere de cada ra\u00efm hi ha mesos de feina, moltes decisions preses al camp i una collita que s\u2019ha de fer en el moment just.<\/p>\n<p style=\"margin: 0 0 18px 0;\">Quan arriba a taula en el seu millor punt gaudim d\u2019una fruita fresca i saborosa i, al mateix temps, donem valor a la diversitat, a la <a href=\"https:\/\/www.bioecoactual.com\/2026\/05\/29\/la-produccion-ecologica-como-estrategia-de-adaptacion-al-cambio-climatico-en-espana\/\">pagesia ecol\u00f2gica<\/a> i a un model alimentari m\u00e9s proper i arrelat al territori.<\/p>\n<\/div>\n<p style=\"margin: 34px 0 18px 0;\"><strong>Autor: <\/strong>Jep Serra, Soci d\u2019Hortec, Cooperativa de Producci\u00f3 Ecol\u00f2gica i Proximitat de Sant Jaume Sesoliveres.<\/p>\n<p><a href=\"https:\/\/www.bioecoactual.com\/ca\/subscripcio\/\" target=\"_blank\" rel=\"noopener noreferrer\"><strong>Subscriu-te<\/strong><\/a><strong> a la Newsletter i rep cada mes Bio Eco Actual gratis al teu correu<\/strong><\/p>\n<p><strong><em>Bio Eco Actual<\/em><\/strong>, <em>el teu mensual 100% ecol\u00f2gic<\/em><strong><br \/>\n<\/strong><a href=\"https:\/\/www.bioecoactual.com\/wp-content\/uploads\/2026\/08\/BioEcoActual_Setembre_2026.pdf\" target=\"_blank\" rel=\"noopener noreferrer\"><strong> Llegir Bio Eco Actual Setembre 2026<\/strong><\/a><\/p>\n<p><iframe style=\"border: none; width: 100%; height: 520px;\" src=\"\/\/e.issuu.com\/embed.html?d=bioecoactual_setembre_2026&amp;hideIssuuLogo=true&amp;showOtherPublicationsAsSuggestions=true&amp;u=bioecoactual\" allowfullscreen=\"allowfullscreen\"> <\/iframe><\/p>\n","protected":false},"excerpt":{"rendered":"<p>Quan arriba el final de l&rsquo;estiu, el ra&iuml;m es converteix en un dels grans protagonistes del camp. Despr&eacute;s de mesos de feina, d&rsquo;acompanyar l&rsquo;evoluci&oacute; dels ceps i d&rsquo;estar pendents de la calor, la humitat i el punt de maduraci&oacute;, arriba el moment de collir.<\/p>\n","protected":false},"author":592,"featured_media":128556,"comment_status":"closed","ping_status":"closed","sticky":false,"template":"","format":"standard","meta":{"footnotes":""},"categories":[7177],"tags":[],"class_list":["post-128559","post","type-post","status-publish","format-standard","has-post-thumbnail","category-alimentacio-ecologica"],"yoast_head":"<!-- This site is optimized with the Yoast SEO Premium plugin v28.4 (Yoast SEO v28.4) - https:\/\/yoast.com\/product\/yoast-seo-premium-wordpress\/ -->\n<title>El ra\u00efm de taula: sabor, diversitat i ofici - Bio Eco Actual<\/title>\n<meta name=\"description\" content=\"Jep Serra, soci d\u2019Hortec, explica el cultiu del ra\u00efm de taula ecol\u00f2gic, les seves varietats, el punt de collita i els reptes del camp.\" \/>\n<meta name=\"robots\" content=\"index, follow, max-snippet:-1, max-image-preview:large, max-video-preview:-1\" \/>\n<link rel=\"canonical\" href=\"https:\/\/www.bioecoactual.com\/ca\/2026\/09\/04\/raim-de-taula-ecologic-sabor-diversitat-ofici\/\" \/>\n<meta property=\"og:locale\" content=\"ca_ES\" \/>\n<meta property=\"og:type\" content=\"article\" \/>\n<meta property=\"og:title\" content=\"El ra\u00efm de taula: sabor, diversitat i ofici\" \/>\n<meta property=\"og:description\" content=\"Jep Serra, soci d\u2019Hortec, explica el cultiu del ra\u00efm de taula ecol\u00f2gic, les seves varietats, el punt de collita i els reptes del camp.\" \/>\n<meta property=\"og:url\" content=\"https:\/\/www.bioecoactual.com\/ca\/2026\/09\/04\/raim-de-taula-ecologic-sabor-diversitat-ofici\/\" \/>\n<meta property=\"og:site_name\" content=\"Bio Eco Actual\" \/>\n<meta property=\"article:publisher\" content=\"https:\/\/www.facebook.com\/BioEcoActual\/\" \/>\n<meta property=\"article:published_time\" content=\"2026-09-04T06:30:45+00:00\" \/>\n<meta property=\"og:image\" content=\"https:\/\/www.bioecoactual.com\/wp-content\/uploads\/2026\/09\/PAG.4_SECCIO_AGRICULTURA.jpg\" \/>\n\t<meta property=\"og:image:width\" content=\"1000\" \/>\n\t<meta property=\"og:image:height\" content=\"669\" \/>\n\t<meta property=\"og:image:type\" content=\"image\/jpeg\" \/>\n<meta name=\"author\" content=\"Julia\" \/>\n<meta name=\"twitter:card\" content=\"summary_large_image\" \/>\n<meta name=\"twitter:creator\" content=\"@bioecoactual\" \/>\n<meta name=\"twitter:site\" content=\"@bioecoactual\" \/>\n<meta name=\"twitter:label1\" content=\"Written by\" \/>\n\t<meta name=\"twitter:data1\" content=\"Julia\" \/>\n\t<meta name=\"twitter:label2\" content=\"Est. reading time\" \/>\n\t<meta name=\"twitter:data2\" content=\"4 minutes\" \/>\n<script type=\"application\/ld+json\" class=\"yoast-schema-graph\">{\"@context\":\"https:\\\/\\\/schema.org\",\"@graph\":[{\"@type\":\"Article\",\"@id\":\"https:\\\/\\\/www.bioecoactual.com\\\/ca\\\/2026\\\/09\\\/04\\\/raim-de-taula-ecologic-sabor-diversitat-ofici\\\/#article\",\"isPartOf\":{\"@id\":\"https:\\\/\\\/www.bioecoactual.com\\\/ca\\\/2026\\\/09\\\/04\\\/raim-de-taula-ecologic-sabor-diversitat-ofici\\\/\"},\"author\":{\"name\":\"Julia\",\"@id\":\"https:\\\/\\\/www.bioecoactual.com\\\/ca\\\/#\\\/schema\\\/person\\\/1917425621d12045530837796be26ce4\"},\"headline\":\"El ra\u00efm de taula: sabor, diversitat i ofici\",\"datePublished\":\"2026-09-04T06:30:45+00:00\",\"mainEntityOfPage\":{\"@id\":\"https:\\\/\\\/www.bioecoactual.com\\\/ca\\\/2026\\\/09\\\/04\\\/raim-de-taula-ecologic-sabor-diversitat-ofici\\\/\"},\"wordCount\":722,\"publisher\":{\"@id\":\"https:\\\/\\\/www.bioecoactual.com\\\/ca\\\/#organization\"},\"image\":{\"@id\":\"https:\\\/\\\/www.bioecoactual.com\\\/ca\\\/2026\\\/09\\\/04\\\/raim-de-taula-ecologic-sabor-diversitat-ofici\\\/#primaryimage\"},\"thumbnailUrl\":\"https:\\\/\\\/www.bioecoactual.com\\\/wp-content\\\/uploads\\\/2026\\\/09\\\/PAG.4_SECCIO_AGRICULTURA.jpg\",\"articleSection\":[\"Alimentaci\u00f3 Ecol\u00f2gica\"],\"inLanguage\":\"ca-ES\"},{\"@type\":\"WebPage\",\"@id\":\"https:\\\/\\\/www.bioecoactual.com\\\/ca\\\/2026\\\/09\\\/04\\\/raim-de-taula-ecologic-sabor-diversitat-ofici\\\/\",\"url\":\"https:\\\/\\\/www.bioecoactual.com\\\/ca\\\/2026\\\/09\\\/04\\\/raim-de-taula-ecologic-sabor-diversitat-ofici\\\/\",\"name\":\"El ra\u00efm de taula: sabor, diversitat i ofici - Bio Eco Actual\",\"isPartOf\":{\"@id\":\"https:\\\/\\\/www.bioecoactual.com\\\/ca\\\/#website\"},\"primaryImageOfPage\":{\"@id\":\"https:\\\/\\\/www.bioecoactual.com\\\/ca\\\/2026\\\/09\\\/04\\\/raim-de-taula-ecologic-sabor-diversitat-ofici\\\/#primaryimage\"},\"image\":{\"@id\":\"https:\\\/\\\/www.bioecoactual.com\\\/ca\\\/2026\\\/09\\\/04\\\/raim-de-taula-ecologic-sabor-diversitat-ofici\\\/#primaryimage\"},\"thumbnailUrl\":\"https:\\\/\\\/www.bioecoactual.com\\\/wp-content\\\/uploads\\\/2026\\\/09\\\/PAG.4_SECCIO_AGRICULTURA.jpg\",\"datePublished\":\"2026-09-04T06:30:45+00:00\",\"description\":\"Jep Serra, soci d\u2019Hortec, explica el cultiu del ra\u00efm de taula ecol\u00f2gic, les seves varietats, el punt de collita i els reptes del camp.\",\"breadcrumb\":{\"@id\":\"https:\\\/\\\/www.bioecoactual.com\\\/ca\\\/2026\\\/09\\\/04\\\/raim-de-taula-ecologic-sabor-diversitat-ofici\\\/#breadcrumb\"},\"inLanguage\":\"ca-ES\",\"potentialAction\":[{\"@type\":\"ReadAction\",\"target\":[\"https:\\\/\\\/www.bioecoactual.com\\\/ca\\\/2026\\\/09\\\/04\\\/raim-de-taula-ecologic-sabor-diversitat-ofici\\\/\"]}]},{\"@type\":\"ImageObject\",\"inLanguage\":\"ca-ES\",\"@id\":\"https:\\\/\\\/www.bioecoactual.com\\\/ca\\\/2026\\\/09\\\/04\\\/raim-de-taula-ecologic-sabor-diversitat-ofici\\\/#primaryimage\",\"url\":\"https:\\\/\\\/www.bioecoactual.com\\\/wp-content\\\/uploads\\\/2026\\\/09\\\/PAG.4_SECCIO_AGRICULTURA.jpg\",\"contentUrl\":\"https:\\\/\\\/www.bioecoactual.com\\\/wp-content\\\/uploads\\\/2026\\\/09\\\/PAG.4_SECCIO_AGRICULTURA.jpg\",\"width\":1000,\"height\":669,\"caption\":\"\u00a9Marta Montmany\"},{\"@type\":\"BreadcrumbList\",\"@id\":\"https:\\\/\\\/www.bioecoactual.com\\\/ca\\\/2026\\\/09\\\/04\\\/raim-de-taula-ecologic-sabor-diversitat-ofici\\\/#breadcrumb\",\"itemListElement\":[{\"@type\":\"ListItem\",\"position\":1,\"name\":\"Portada\",\"item\":\"https:\\\/\\\/www.bioecoactual.com\\\/ca\\\/\"},{\"@type\":\"ListItem\",\"position\":2,\"name\":\"El ra\u00efm de taula: sabor, diversitat i ofici\"}]},{\"@type\":\"WebSite\",\"@id\":\"https:\\\/\\\/www.bioecoactual.com\\\/ca\\\/#website\",\"url\":\"https:\\\/\\\/www.bioecoactual.com\\\/ca\\\/\",\"name\":\"Bio Eco Actual\",\"description\":\"Alimentaci\u00f3n Ecol\u00f3gica\",\"publisher\":{\"@id\":\"https:\\\/\\\/www.bioecoactual.com\\\/ca\\\/#organization\"},\"potentialAction\":[{\"@type\":\"SearchAction\",\"target\":{\"@type\":\"EntryPoint\",\"urlTemplate\":\"https:\\\/\\\/www.bioecoactual.com\\\/ca\\\/?s={search_term_string}\"},\"query-input\":{\"@type\":\"PropertyValueSpecification\",\"valueRequired\":true,\"valueName\":\"search_term_string\"}}],\"inLanguage\":\"ca-ES\"},{\"@type\":\"Organization\",\"@id\":\"https:\\\/\\\/www.bioecoactual.com\\\/ca\\\/#organization\",\"name\":\"Bio Eco Actual\",\"url\":\"https:\\\/\\\/www.bioecoactual.com\\\/ca\\\/\",\"logo\":{\"@type\":\"ImageObject\",\"inLanguage\":\"ca-ES\",\"@id\":\"https:\\\/\\\/www.bioecoactual.com\\\/ca\\\/#\\\/schema\\\/logo\\\/image\\\/\",\"url\":\"https:\\\/\\\/www.bioecoactual.com\\\/wp-content\\\/uploads\\\/2022\\\/01\\\/BIOECO_CUADRADO_LOGO.png\",\"contentUrl\":\"https:\\\/\\\/www.bioecoactual.com\\\/wp-content\\\/uploads\\\/2022\\\/01\\\/BIOECO_CUADRADO_LOGO.png\",\"width\":8192,\"height\":8192,\"caption\":\"Bio Eco Actual\"},\"image\":{\"@id\":\"https:\\\/\\\/www.bioecoactual.com\\\/ca\\\/#\\\/schema\\\/logo\\\/image\\\/\"},\"sameAs\":[\"https:\\\/\\\/www.facebook.com\\\/BioEcoActual\\\/\",\"https:\\\/\\\/x.com\\\/bioecoactual\",\"https:\\\/\\\/www.linkedin.com\\\/in\\\/bioecoactual\\\/\"]},{\"@type\":\"Person\",\"@id\":\"https:\\\/\\\/www.bioecoactual.com\\\/ca\\\/#\\\/schema\\\/person\\\/1917425621d12045530837796be26ce4\",\"name\":\"Julia\",\"image\":{\"@type\":\"ImageObject\",\"inLanguage\":\"ca-ES\",\"@id\":\"https:\\\/\\\/secure.gravatar.com\\\/avatar\\\/0ae7f1d9b7841d6bac72ee70f9533f6d815d98ebf40ef3a321812da63d66427d?s=96&d=mm&r=g\",\"url\":\"https:\\\/\\\/secure.gravatar.com\\\/avatar\\\/0ae7f1d9b7841d6bac72ee70f9533f6d815d98ebf40ef3a321812da63d66427d?s=96&d=mm&r=g\",\"contentUrl\":\"https:\\\/\\\/secure.gravatar.com\\\/avatar\\\/0ae7f1d9b7841d6bac72ee70f9533f6d815d98ebf40ef3a321812da63d66427d?s=96&d=mm&r=g\",\"caption\":\"Julia\"},\"url\":\"https:\\\/\\\/www.bioecoactual.com\\\/ca\\\/author\\\/julia\\\/\"}]}<\/script>\n<!-- \/ Yoast SEO Premium plugin. -->","yoast_head_json":{"title":"El ra\u00efm de taula: sabor, diversitat i ofici - Bio Eco Actual","description":"Jep Serra, soci d\u2019Hortec, explica el cultiu del ra\u00efm de taula ecol\u00f2gic, les seves varietats, el punt de collita i els reptes del camp.","robots":{"index":"index","follow":"follow","max-snippet":"max-snippet:-1","max-image-preview":"max-image-preview:large","max-video-preview":"max-video-preview:-1"},"canonical":"https:\/\/www.bioecoactual.com\/ca\/2026\/09\/04\/raim-de-taula-ecologic-sabor-diversitat-ofici\/","og_locale":"ca_ES","og_type":"article","og_title":"El ra\u00efm de taula: sabor, diversitat i ofici","og_description":"Jep Serra, soci d\u2019Hortec, explica el cultiu del ra\u00efm de taula ecol\u00f2gic, les seves varietats, el punt de collita i els reptes del camp.","og_url":"https:\/\/www.bioecoactual.com\/ca\/2026\/09\/04\/raim-de-taula-ecologic-sabor-diversitat-ofici\/","og_site_name":"Bio Eco Actual","article_publisher":"https:\/\/www.facebook.com\/BioEcoActual\/","article_published_time":"2026-09-04T06:30:45+00:00","og_image":[{"width":1000,"height":669,"url":"https:\/\/www.bioecoactual.com\/wp-content\/uploads\/2026\/09\/PAG.4_SECCIO_AGRICULTURA.jpg","type":"image\/jpeg"}],"author":"Julia","twitter_card":"summary_large_image","twitter_creator":"@bioecoactual","twitter_site":"@bioecoactual","twitter_misc":{"Written by":"Julia","Est. reading time":"4 minutes"},"schema":{"@context":"https:\/\/schema.org","@graph":[{"@type":"Article","@id":"https:\/\/www.bioecoactual.com\/ca\/2026\/09\/04\/raim-de-taula-ecologic-sabor-diversitat-ofici\/#article","isPartOf":{"@id":"https:\/\/www.bioecoactual.com\/ca\/2026\/09\/04\/raim-de-taula-ecologic-sabor-diversitat-ofici\/"},"author":{"name":"Julia","@id":"https:\/\/www.bioecoactual.com\/ca\/#\/schema\/person\/1917425621d12045530837796be26ce4"},"headline":"El ra\u00efm de taula: sabor, diversitat i ofici","datePublished":"2026-09-04T06:30:45+00:00","mainEntityOfPage":{"@id":"https:\/\/www.bioecoactual.com\/ca\/2026\/09\/04\/raim-de-taula-ecologic-sabor-diversitat-ofici\/"},"wordCount":722,"publisher":{"@id":"https:\/\/www.bioecoactual.com\/ca\/#organization"},"image":{"@id":"https:\/\/www.bioecoactual.com\/ca\/2026\/09\/04\/raim-de-taula-ecologic-sabor-diversitat-ofici\/#primaryimage"},"thumbnailUrl":"https:\/\/www.bioecoactual.com\/wp-content\/uploads\/2026\/09\/PAG.4_SECCIO_AGRICULTURA.jpg","articleSection":["Alimentaci\u00f3 Ecol\u00f2gica"],"inLanguage":"ca-ES"},{"@type":"WebPage","@id":"https:\/\/www.bioecoactual.com\/ca\/2026\/09\/04\/raim-de-taula-ecologic-sabor-diversitat-ofici\/","url":"https:\/\/www.bioecoactual.com\/ca\/2026\/09\/04\/raim-de-taula-ecologic-sabor-diversitat-ofici\/","name":"El ra\u00efm de taula: sabor, diversitat i ofici - Bio Eco Actual","isPartOf":{"@id":"https:\/\/www.bioecoactual.com\/ca\/#website"},"primaryImageOfPage":{"@id":"https:\/\/www.bioecoactual.com\/ca\/2026\/09\/04\/raim-de-taula-ecologic-sabor-diversitat-ofici\/#primaryimage"},"image":{"@id":"https:\/\/www.bioecoactual.com\/ca\/2026\/09\/04\/raim-de-taula-ecologic-sabor-diversitat-ofici\/#primaryimage"},"thumbnailUrl":"https:\/\/www.bioecoactual.com\/wp-content\/uploads\/2026\/09\/PAG.4_SECCIO_AGRICULTURA.jpg","datePublished":"2026-09-04T06:30:45+00:00","description":"Jep Serra, soci d\u2019Hortec, explica el cultiu del ra\u00efm de taula ecol\u00f2gic, les seves varietats, el punt de collita i els reptes del camp.","breadcrumb":{"@id":"https:\/\/www.bioecoactual.com\/ca\/2026\/09\/04\/raim-de-taula-ecologic-sabor-diversitat-ofici\/#breadcrumb"},"inLanguage":"ca-ES","potentialAction":[{"@type":"ReadAction","target":["https:\/\/www.bioecoactual.com\/ca\/2026\/09\/04\/raim-de-taula-ecologic-sabor-diversitat-ofici\/"]}]},{"@type":"ImageObject","inLanguage":"ca-ES","@id":"https:\/\/www.bioecoactual.com\/ca\/2026\/09\/04\/raim-de-taula-ecologic-sabor-diversitat-ofici\/#primaryimage","url":"https:\/\/www.bioecoactual.com\/wp-content\/uploads\/2026\/09\/PAG.4_SECCIO_AGRICULTURA.jpg","contentUrl":"https:\/\/www.bioecoactual.com\/wp-content\/uploads\/2026\/09\/PAG.4_SECCIO_AGRICULTURA.jpg","width":1000,"height":669,"caption":"\u00a9Marta Montmany"},{"@type":"BreadcrumbList","@id":"https:\/\/www.bioecoactual.com\/ca\/2026\/09\/04\/raim-de-taula-ecologic-sabor-diversitat-ofici\/#breadcrumb","itemListElement":[{"@type":"ListItem","position":1,"name":"Portada","item":"https:\/\/www.bioecoactual.com\/ca\/"},{"@type":"ListItem","position":2,"name":"El ra\u00efm de taula: sabor, diversitat i ofici"}]},{"@type":"WebSite","@id":"https:\/\/www.bioecoactual.com\/ca\/#website","url":"https:\/\/www.bioecoactual.com\/ca\/","name":"Bio Eco Actual","description":"Alimentaci\u00f3n Ecol\u00f3gica","publisher":{"@id":"https:\/\/www.bioecoactual.com\/ca\/#organization"},"potentialAction":[{"@type":"SearchAction","target":{"@type":"EntryPoint","urlTemplate":"https:\/\/www.bioecoactual.com\/ca\/?s={search_term_string}"},"query-input":{"@type":"PropertyValueSpecification","valueRequired":true,"valueName":"search_term_string"}}],"inLanguage":"ca-ES"},{"@type":"Organization","@id":"https:\/\/www.bioecoactual.com\/ca\/#organization","name":"Bio Eco Actual","url":"https:\/\/www.bioecoactual.com\/ca\/","logo":{"@type":"ImageObject","inLanguage":"ca-ES","@id":"https:\/\/www.bioecoactual.com\/ca\/#\/schema\/logo\/image\/","url":"https:\/\/www.bioecoactual.com\/wp-content\/uploads\/2022\/01\/BIOECO_CUADRADO_LOGO.png","contentUrl":"https:\/\/www.bioecoactual.com\/wp-content\/uploads\/2022\/01\/BIOECO_CUADRADO_LOGO.png","width":8192,"height":8192,"caption":"Bio Eco Actual"},"image":{"@id":"https:\/\/www.bioecoactual.com\/ca\/#\/schema\/logo\/image\/"},"sameAs":["https:\/\/www.facebook.com\/BioEcoActual\/","https:\/\/x.com\/bioecoactual","https:\/\/www.linkedin.com\/in\/bioecoactual\/"]},{"@type":"Person","@id":"https:\/\/www.bioecoactual.com\/ca\/#\/schema\/person\/1917425621d12045530837796be26ce4","name":"Julia","image":{"@type":"ImageObject","inLanguage":"ca-ES","@id":"https:\/\/secure.gravatar.com\/avatar\/0ae7f1d9b7841d6bac72ee70f9533f6d815d98ebf40ef3a321812da63d66427d?s=96&d=mm&r=g","url":"https:\/\/secure.gravatar.com\/avatar\/0ae7f1d9b7841d6bac72ee70f9533f6d815d98ebf40ef3a321812da63d66427d?s=96&d=mm&r=g","contentUrl":"https:\/\/secure.gravatar.com\/avatar\/0ae7f1d9b7841d6bac72ee70f9533f6d815d98ebf40ef3a321812da63d66427d?s=96&d=mm&r=g","caption":"Julia"},"url":"https:\/\/www.bioecoactual.com\/ca\/author\/julia\/"}]}},"_links":{"self":[{"href":"https:\/\/www.bioecoactual.com\/ca\/wp-json\/wp\/v2\/posts\/128559","targetHints":{"allow":["GET"]}}],"collection":[{"href":"https:\/\/www.bioecoactual.com\/ca\/wp-json\/wp\/v2\/posts"}],"about":[{"href":"https:\/\/www.bioecoactual.com\/ca\/wp-json\/wp\/v2\/types\/post"}],"author":[{"embeddable":true,"href":"https:\/\/www.bioecoactual.com\/ca\/wp-json\/wp\/v2\/users\/592"}],"replies":[{"embeddable":true,"href":"https:\/\/www.bioecoactual.com\/ca\/wp-json\/wp\/v2\/comments?post=128559"}],"version-history":[{"count":1,"href":"https:\/\/www.bioecoactual.com\/ca\/wp-json\/wp\/v2\/posts\/128559\/revisions"}],"predecessor-version":[{"id":128560,"href":"https:\/\/www.bioecoactual.com\/ca\/wp-json\/wp\/v2\/posts\/128559\/revisions\/128560"}],"wp:featuredmedia":[{"embeddable":true,"href":"https:\/\/www.bioecoactual.com\/ca\/wp-json\/wp\/v2\/media\/128556"}],"wp:attachment":[{"href":"https:\/\/www.bioecoactual.com\/ca\/wp-json\/wp\/v2\/media?parent=128559"}],"wp:term":[{"taxonomy":"category","embeddable":true,"href":"https:\/\/www.bioecoactual.com\/ca\/wp-json\/wp\/v2\/categories?post=128559"},{"taxonomy":"post_tag","embeddable":true,"href":"https:\/\/www.bioecoactual.com\/ca\/wp-json\/wp\/v2\/tags?post=128559"}],"curies":[{"name":"wp","href":"https:\/\/api.w.org\/{rel}","templated":true}]}}