{"id":128398,"date":"2026-08-31T09:09:00","date_gmt":"2026-08-31T07:09:00","guid":{"rendered":"https:\/\/www.bioecoactual.com\/?p=128398"},"modified":"2026-08-31T09:51:11","modified_gmt":"2026-08-31T07:51:11","slug":"eko-september-organic-breakfast","status":"publish","type":"post","link":"https:\/\/www.bioecoactual.com\/en\/2026\/08\/31\/eko-september-organic-breakfast\/","title":{"rendered":"Eko-september: eight companies come together for an organic breakfast"},"content":{"rendered":"<p>For the eighth year in a row, Eko-september, Sweden\u2019s national campaign for organic food and drink, is being held. Throughout September, food companies, retailers, farmers and organisations join forces to give organic and KRAV-certified products greater visibility and inspire more organic choices in everyday life.<\/p>\n<p><!--more--><\/p>\n<figure id=\"attachment_125962\" aria-describedby=\"caption-attachment-125962\" style=\"width: 1200px\" class=\"wp-caption aligncenter\"><img loading=\"lazy\" decoding=\"async\" class=\"wp-image-125962 size-full\" style=\"width: 100%; height: auto; display: block; border-radius: 28px; box-shadow: 0 18px 42px rgba(0,0,0,0.12); overflow: hidden;\" src=\"https:\/\/www.bioecoactual.com\/wp-content\/uploads\/2026\/08\/Eko-september.jpg\" alt=\"Eko-september\" width=\"1200\" height=\"675\" \/><figcaption id=\"caption-attachment-125962\" class=\"wp-caption-text\">Photograph provided by Organic Sweden. Elias Kvarnb\u00e4ck, Organic Sweden, together with Arlene Holm at ICA Malmborgs<\/figcaption><\/figure>\n<p>This year\u2019s campaign brings together eight companies from different product categories in a joint initiative focused on organic breakfast \u2013 an example of how suppliers and retailers can work together to give organic products more prominent in-store exposure.<\/p>\n<h2>Several categories come together around an organic breakfast<\/h2>\n<p>One of this year\u2019s initiatives is the <strong>Eko breakfasts<\/strong> in ICA Malmborgs stores, where consumers have the opportunity to sample organic products from several different categories. The breakfast table includes organic yoghurt, eggs, cheese, bread, juice, muesli, oats, coffee and ham. Several of the products come from producers in Sk\u00e5ne.<\/p>\n<div style=\"background: #fff8e6; border-radius: 24px; padding: 28px; margin: 34px 0; box-shadow: 0 14px 34px rgba(0,0,0,0.07);\">\n<p style=\"font-family: Georgia, 'Times New Roman', serif; font-size: 24px; line-height: 1.3; margin: 0 0 18px 0; color: #111111;\"><strong>The companies joining forces to offer an organic breakfast are:<\/strong><\/p>\n<ul style=\"margin: 0; padding-left: 22px; line-height: 1.7;\">\n<li><strong>Arla<\/strong> \u2013 organic cheese<\/li>\n<li><strong>Gunnarsh\u00f6gs G\u00e5rd<\/strong> \u2013 organic rapeseed oil for homemade granola<\/li>\n<li><strong>Midsona\/Kung Markatta<\/strong> \u2013 organic beetroot juice and two types of organic bread<\/li>\n<li><strong>Protos\/Smak av Svea<\/strong> \u2013 organic sliced ham<\/li>\n<li><strong>Salt\u00e5 Kvarn<\/strong> \u2013 organic oats and muesli<\/li>\n<li><strong>Sk\u00e5nemejerier\/Hjordn\u00e4ra<\/strong> \u2013 organic yoghurt<\/li>\n<li><strong>Stj\u00e4rn\u00e4gg<\/strong> \u2013 organic eggs<\/li>\n<li><strong>Zo\u00e9gas<\/strong> \u2013 organic coffee<\/li>\n<\/ul>\n<\/div>\n<p>Organic can be a simple and affordable choice in everyday life. Breakfast products such as yoghurt, cheese, eggs, muesli and coffee are items that many people buy regularly. By choosing organic, consumers not only get good food and drink, but also several added benefits \u2013 such as better animal welfare and food from farms where chemical pesticides are never used, says Charlotte Bladh Andr\u00e9, CEO of Organic Sweden.<\/p>\n<h2>Organic and local \u2013 double the benefits<\/h2>\n<p>During Eko-september, Organic Sweden and Ekologiska Lantbrukarna also want to highlight that organic and local do not have to be opposites. On the contrary, the two approaches can complement each other and offer consumers several benefits at the same time. Several of the products served during the Eko breakfasts also come from organic farmers in Sk\u00e5ne. These include the yoghurt, eggs and rapeseed oil used for the homemade granola.<\/p>\n<div style=\"background: #ffffff; border-top: 3px solid #e5aa14; border-bottom: 3px solid #e5aa14; padding: 24px 0; margin: 34px 0;\">\n<p style=\"font-family: Georgia, 'Times New Roman', serif; font-size: 28px; line-height: 1.35; margin: 0; color: #111111;\"><strong>In the debate, organic is often set against local, but it is possible to have both. When food is both organic and locally produced, consumers get &#8220;double the benefits&#8221;. Many people want food to be produced with consideration for biodiversity, aquatic environments, soil health and animal welfare \u2013 while also coming from farms in the local area. With Eko-september, we want to highlight precisely this combination, <\/strong>says Charlotte Bladh Andr\u00e9.<\/p>\n<\/div>\n<div style=\"margin: 34px 0 0 0;\">\n<p style=\"margin: 0 0 18px 0;\">The aim of Eko-september is to encourage more retailers and food industry stakeholders to highlight organic products and inspire consumers to make more organic choices in everyday life. The campaign is organised by Organic Sweden together with KRAV and Ekologiska Lantbrukarna.<\/p>\n<\/div>\n<h2>This year\u2019s partners<\/h2>\n<p>Arla, Gunnarsh\u00f6gs G\u00e5rd, Midsona\/Kung Markatta, Protos\/Smak av Svea, Salt\u00e5 Kvarn, Sk\u00e5nemejerier\/Hjordn\u00e4ra, Stj\u00e4rn\u00e4gg and Zo\u00e9gas<\/p>\n<p><a href=\"https:\/\/www.bioecoactual.com\/en\/subscription\/\"><strong>Subscribe<\/strong><\/a><strong> to Bio Eco Actual Newsletter and be up to date with the latest news from the Organic Sector<\/strong><\/p>\n<p><strong>Bio Eco Actual<\/strong>, International Organic Trade Media<br \/>\n<a href=\"https:\/\/www.bioecoactual.com\/wp-content\/uploads\/2026\/01\/BioEcoActual_Yearbook_2025-2026.pdf\" target=\"_blank\" rel=\"noopener\"><strong>Read the Bio Eco Actual International Yearbok 2025 &#8211; Trends 2026<\/strong><\/a><\/p>\n<p><iframe style=\"border: none; width: 100%; height: 520px;\" src=\"\/\/e.issuu.com\/embed.html?d=bioecoactual_yearbook_2025-2026&amp;hideIssuuLogo=true&amp;showOtherPublicationsAsSuggestions=true&amp;u=bioecoactual\" allowfullscreen=\"allowfullscreen\"><span data-mce-type=\"bookmark\" style=\"display: inline-block; width: 0px; overflow: hidden; line-height: 0;\" class=\"mce_SELRES_start\"><\/span><\/iframe><\/p>\n","protected":false},"excerpt":{"rendered":"<p>For the eighth year in a row, Eko-september, Sweden&rsquo;s national campaign for organic food and drink, is being held. Throughout September, food companies, retailers, farmers and organisations join forces to give organic and KRAV-certified products greater visibility and inspire more organic choices in everyday life.<\/p>\n","protected":false},"author":592,"featured_media":128399,"comment_status":"closed","ping_status":"closed","sticky":false,"template":"","format":"standard","meta":{"footnotes":""},"categories":[8355],"tags":[],"class_list":["post-128398","post","type-post","status-publish","format-standard","has-post-thumbnail","category-trade-fairs-events"],"yoast_head":"<!-- This site is optimized with the Yoast SEO Premium plugin v28.3 (Yoast SEO v28.3) - https:\/\/yoast.com\/product\/yoast-seo-premium-wordpress\/ -->\n<title>Eko-september: eight companies come together for an organic breakfast - Bio Eco Actual<\/title>\n<meta name=\"description\" content=\"Eko-september returns, bringing together food companies, retailers and farmers to promote organic and KRAV-certified products.\" \/>\n<meta name=\"robots\" content=\"index, follow, max-snippet:-1, max-image-preview:large, max-video-preview:-1\" \/>\n<link rel=\"canonical\" href=\"https:\/\/www.bioecoactual.com\/en\/2026\/08\/31\/eko-september-organic-breakfast\/\" \/>\n<meta property=\"og:locale\" content=\"en_US\" \/>\n<meta property=\"og:type\" content=\"article\" \/>\n<meta property=\"og:title\" content=\"Eko-september: eight companies come together for an organic breakfast\" \/>\n<meta property=\"og:description\" content=\"Eko-september returns, bringing together food companies, retailers and farmers to promote organic and KRAV-certified products.\" \/>\n<meta property=\"og:url\" content=\"https:\/\/www.bioecoactual.com\/en\/2026\/08\/31\/eko-september-organic-breakfast\/\" \/>\n<meta property=\"og:site_name\" content=\"Bio Eco Actual\" \/>\n<meta property=\"article:publisher\" content=\"https:\/\/www.facebook.com\/BioEcoActual\/\" \/>\n<meta property=\"article:published_time\" content=\"2026-08-31T07:09:00+00:00\" \/>\n<meta property=\"article:modified_time\" content=\"2026-08-31T07:51:11+00:00\" \/>\n<meta property=\"og:image\" content=\"https:\/\/www.bioecoactual.com\/wp-content\/uploads\/2026\/08\/Eko-september.jpg\" \/>\n\t<meta property=\"og:image:width\" content=\"1200\" \/>\n\t<meta property=\"og:image:height\" content=\"675\" \/>\n\t<meta property=\"og:image:type\" content=\"image\/jpeg\" \/>\n<meta name=\"author\" content=\"Julia\" \/>\n<meta name=\"twitter:card\" content=\"summary_large_image\" \/>\n<meta name=\"twitter:creator\" content=\"@bioecoactual\" \/>\n<meta name=\"twitter:site\" content=\"@bioecoactual\" \/>\n<meta name=\"twitter:label1\" content=\"Written by\" \/>\n\t<meta name=\"twitter:data1\" content=\"Julia\" \/>\n\t<meta name=\"twitter:label2\" content=\"Est. reading time\" \/>\n\t<meta name=\"twitter:data2\" content=\"3 minutes\" \/>\n<script type=\"application\/ld+json\" class=\"yoast-schema-graph\">{\"@context\":\"https:\\\/\\\/schema.org\",\"@graph\":[{\"@type\":\"Article\",\"@id\":\"https:\\\/\\\/www.bioecoactual.com\\\/en\\\/2026\\\/08\\\/31\\\/eko-september-organic-breakfast\\\/#article\",\"isPartOf\":{\"@id\":\"https:\\\/\\\/www.bioecoactual.com\\\/en\\\/2026\\\/08\\\/31\\\/eko-september-organic-breakfast\\\/\"},\"author\":{\"name\":\"Julia\",\"@id\":\"https:\\\/\\\/www.bioecoactual.com\\\/#\\\/schema\\\/person\\\/1917425621d12045530837796be26ce4\"},\"headline\":\"Eko-september: eight companies come together for an organic breakfast\",\"datePublished\":\"2026-08-31T07:09:00+00:00\",\"dateModified\":\"2026-08-31T07:51:11+00:00\",\"mainEntityOfPage\":{\"@id\":\"https:\\\/\\\/www.bioecoactual.com\\\/en\\\/2026\\\/08\\\/31\\\/eko-september-organic-breakfast\\\/\"},\"wordCount\":556,\"publisher\":{\"@id\":\"https:\\\/\\\/www.bioecoactual.com\\\/#organization\"},\"image\":{\"@id\":\"https:\\\/\\\/www.bioecoactual.com\\\/en\\\/2026\\\/08\\\/31\\\/eko-september-organic-breakfast\\\/#primaryimage\"},\"thumbnailUrl\":\"https:\\\/\\\/www.bioecoactual.com\\\/wp-content\\\/uploads\\\/2026\\\/08\\\/Eko-september.jpg\",\"articleSection\":[\"Trade Fairs &amp; Events\"],\"inLanguage\":\"en-US\"},{\"@type\":\"WebPage\",\"@id\":\"https:\\\/\\\/www.bioecoactual.com\\\/en\\\/2026\\\/08\\\/31\\\/eko-september-organic-breakfast\\\/\",\"url\":\"https:\\\/\\\/www.bioecoactual.com\\\/en\\\/2026\\\/08\\\/31\\\/eko-september-organic-breakfast\\\/\",\"name\":\"Eko-september: eight companies come together for an organic breakfast - Bio Eco Actual\",\"isPartOf\":{\"@id\":\"https:\\\/\\\/www.bioecoactual.com\\\/#website\"},\"primaryImageOfPage\":{\"@id\":\"https:\\\/\\\/www.bioecoactual.com\\\/en\\\/2026\\\/08\\\/31\\\/eko-september-organic-breakfast\\\/#primaryimage\"},\"image\":{\"@id\":\"https:\\\/\\\/www.bioecoactual.com\\\/en\\\/2026\\\/08\\\/31\\\/eko-september-organic-breakfast\\\/#primaryimage\"},\"thumbnailUrl\":\"https:\\\/\\\/www.bioecoactual.com\\\/wp-content\\\/uploads\\\/2026\\\/08\\\/Eko-september.jpg\",\"datePublished\":\"2026-08-31T07:09:00+00:00\",\"dateModified\":\"2026-08-31T07:51:11+00:00\",\"description\":\"Eko-september returns, bringing together food companies, retailers and farmers to promote organic and KRAV-certified products.\",\"breadcrumb\":{\"@id\":\"https:\\\/\\\/www.bioecoactual.com\\\/en\\\/2026\\\/08\\\/31\\\/eko-september-organic-breakfast\\\/#breadcrumb\"},\"inLanguage\":\"en-US\",\"potentialAction\":[{\"@type\":\"ReadAction\",\"target\":[\"https:\\\/\\\/www.bioecoactual.com\\\/en\\\/2026\\\/08\\\/31\\\/eko-september-organic-breakfast\\\/\"]}]},{\"@type\":\"ImageObject\",\"inLanguage\":\"en-US\",\"@id\":\"https:\\\/\\\/www.bioecoactual.com\\\/en\\\/2026\\\/08\\\/31\\\/eko-september-organic-breakfast\\\/#primaryimage\",\"url\":\"https:\\\/\\\/www.bioecoactual.com\\\/wp-content\\\/uploads\\\/2026\\\/08\\\/Eko-september.jpg\",\"contentUrl\":\"https:\\\/\\\/www.bioecoactual.com\\\/wp-content\\\/uploads\\\/2026\\\/08\\\/Eko-september.jpg\",\"width\":1200,\"height\":675,\"caption\":\"Photograph provided by Organic Sweden. Elias Kvarnb\u00e4ck, Organic Sweden, together with Arlene Holm at ICA Malmborgs\"},{\"@type\":\"BreadcrumbList\",\"@id\":\"https:\\\/\\\/www.bioecoactual.com\\\/en\\\/2026\\\/08\\\/31\\\/eko-september-organic-breakfast\\\/#breadcrumb\",\"itemListElement\":[{\"@type\":\"ListItem\",\"position\":1,\"name\":\"Portada\",\"item\":\"https:\\\/\\\/www.bioecoactual.com\\\/en\\\/\"},{\"@type\":\"ListItem\",\"position\":2,\"name\":\"Eko-september: eight companies come together for an organic breakfast\"}]},{\"@type\":\"WebSite\",\"@id\":\"https:\\\/\\\/www.bioecoactual.com\\\/#website\",\"url\":\"https:\\\/\\\/www.bioecoactual.com\\\/\",\"name\":\"Bio Eco Actual\",\"description\":\"Alimentaci\u00f3n Ecol\u00f3gica\",\"publisher\":{\"@id\":\"https:\\\/\\\/www.bioecoactual.com\\\/#organization\"},\"potentialAction\":[{\"@type\":\"SearchAction\",\"target\":{\"@type\":\"EntryPoint\",\"urlTemplate\":\"https:\\\/\\\/www.bioecoactual.com\\\/?s={search_term_string}\"},\"query-input\":{\"@type\":\"PropertyValueSpecification\",\"valueRequired\":true,\"valueName\":\"search_term_string\"}}],\"inLanguage\":\"en-US\"},{\"@type\":\"Organization\",\"@id\":\"https:\\\/\\\/www.bioecoactual.com\\\/#organization\",\"name\":\"Bio Eco Actual\",\"url\":\"https:\\\/\\\/www.bioecoactual.com\\\/\",\"logo\":{\"@type\":\"ImageObject\",\"inLanguage\":\"en-US\",\"@id\":\"https:\\\/\\\/www.bioecoactual.com\\\/#\\\/schema\\\/logo\\\/image\\\/\",\"url\":\"https:\\\/\\\/www.bioecoactual.com\\\/wp-content\\\/uploads\\\/2022\\\/01\\\/BIOECO_CUADRADO_LOGO.png\",\"contentUrl\":\"https:\\\/\\\/www.bioecoactual.com\\\/wp-content\\\/uploads\\\/2022\\\/01\\\/BIOECO_CUADRADO_LOGO.png\",\"width\":8192,\"height\":8192,\"caption\":\"Bio Eco Actual\"},\"image\":{\"@id\":\"https:\\\/\\\/www.bioecoactual.com\\\/#\\\/schema\\\/logo\\\/image\\\/\"},\"sameAs\":[\"https:\\\/\\\/www.facebook.com\\\/BioEcoActual\\\/\",\"https:\\\/\\\/x.com\\\/bioecoactual\",\"https:\\\/\\\/www.linkedin.com\\\/in\\\/bioecoactual\\\/\"]},{\"@type\":\"Person\",\"@id\":\"https:\\\/\\\/www.bioecoactual.com\\\/#\\\/schema\\\/person\\\/1917425621d12045530837796be26ce4\",\"name\":\"Julia\",\"image\":{\"@type\":\"ImageObject\",\"inLanguage\":\"en-US\",\"@id\":\"https:\\\/\\\/secure.gravatar.com\\\/avatar\\\/0ae7f1d9b7841d6bac72ee70f9533f6d815d98ebf40ef3a321812da63d66427d?s=96&d=mm&r=g\",\"url\":\"https:\\\/\\\/secure.gravatar.com\\\/avatar\\\/0ae7f1d9b7841d6bac72ee70f9533f6d815d98ebf40ef3a321812da63d66427d?s=96&d=mm&r=g\",\"contentUrl\":\"https:\\\/\\\/secure.gravatar.com\\\/avatar\\\/0ae7f1d9b7841d6bac72ee70f9533f6d815d98ebf40ef3a321812da63d66427d?s=96&d=mm&r=g\",\"caption\":\"Julia\"},\"url\":\"https:\\\/\\\/www.bioecoactual.com\\\/en\\\/author\\\/julia\\\/\"}]}<\/script>\n<!-- \/ Yoast SEO Premium plugin. -->","yoast_head_json":{"title":"Eko-september: eight companies come together for an organic breakfast - Bio Eco Actual","description":"Eko-september returns, bringing together food companies, retailers and farmers to promote organic and KRAV-certified products.","robots":{"index":"index","follow":"follow","max-snippet":"max-snippet:-1","max-image-preview":"max-image-preview:large","max-video-preview":"max-video-preview:-1"},"canonical":"https:\/\/www.bioecoactual.com\/en\/2026\/08\/31\/eko-september-organic-breakfast\/","og_locale":"en_US","og_type":"article","og_title":"Eko-september: eight companies come together for an organic breakfast","og_description":"Eko-september returns, bringing together food companies, retailers and farmers to promote organic and KRAV-certified products.","og_url":"https:\/\/www.bioecoactual.com\/en\/2026\/08\/31\/eko-september-organic-breakfast\/","og_site_name":"Bio Eco Actual","article_publisher":"https:\/\/www.facebook.com\/BioEcoActual\/","article_published_time":"2026-08-31T07:09:00+00:00","article_modified_time":"2026-08-31T07:51:11+00:00","og_image":[{"width":1200,"height":675,"url":"https:\/\/www.bioecoactual.com\/wp-content\/uploads\/2026\/08\/Eko-september.jpg","type":"image\/jpeg"}],"author":"Julia","twitter_card":"summary_large_image","twitter_creator":"@bioecoactual","twitter_site":"@bioecoactual","twitter_misc":{"Written by":"Julia","Est. reading time":"3 minutes"},"schema":{"@context":"https:\/\/schema.org","@graph":[{"@type":"Article","@id":"https:\/\/www.bioecoactual.com\/en\/2026\/08\/31\/eko-september-organic-breakfast\/#article","isPartOf":{"@id":"https:\/\/www.bioecoactual.com\/en\/2026\/08\/31\/eko-september-organic-breakfast\/"},"author":{"name":"Julia","@id":"https:\/\/www.bioecoactual.com\/#\/schema\/person\/1917425621d12045530837796be26ce4"},"headline":"Eko-september: eight companies come together for an organic breakfast","datePublished":"2026-08-31T07:09:00+00:00","dateModified":"2026-08-31T07:51:11+00:00","mainEntityOfPage":{"@id":"https:\/\/www.bioecoactual.com\/en\/2026\/08\/31\/eko-september-organic-breakfast\/"},"wordCount":556,"publisher":{"@id":"https:\/\/www.bioecoactual.com\/#organization"},"image":{"@id":"https:\/\/www.bioecoactual.com\/en\/2026\/08\/31\/eko-september-organic-breakfast\/#primaryimage"},"thumbnailUrl":"https:\/\/www.bioecoactual.com\/wp-content\/uploads\/2026\/08\/Eko-september.jpg","articleSection":["Trade Fairs &amp; Events"],"inLanguage":"en-US"},{"@type":"WebPage","@id":"https:\/\/www.bioecoactual.com\/en\/2026\/08\/31\/eko-september-organic-breakfast\/","url":"https:\/\/www.bioecoactual.com\/en\/2026\/08\/31\/eko-september-organic-breakfast\/","name":"Eko-september: eight companies come together for an organic breakfast - Bio Eco Actual","isPartOf":{"@id":"https:\/\/www.bioecoactual.com\/#website"},"primaryImageOfPage":{"@id":"https:\/\/www.bioecoactual.com\/en\/2026\/08\/31\/eko-september-organic-breakfast\/#primaryimage"},"image":{"@id":"https:\/\/www.bioecoactual.com\/en\/2026\/08\/31\/eko-september-organic-breakfast\/#primaryimage"},"thumbnailUrl":"https:\/\/www.bioecoactual.com\/wp-content\/uploads\/2026\/08\/Eko-september.jpg","datePublished":"2026-08-31T07:09:00+00:00","dateModified":"2026-08-31T07:51:11+00:00","description":"Eko-september returns, bringing together food companies, retailers and farmers to promote organic and KRAV-certified products.","breadcrumb":{"@id":"https:\/\/www.bioecoactual.com\/en\/2026\/08\/31\/eko-september-organic-breakfast\/#breadcrumb"},"inLanguage":"en-US","potentialAction":[{"@type":"ReadAction","target":["https:\/\/www.bioecoactual.com\/en\/2026\/08\/31\/eko-september-organic-breakfast\/"]}]},{"@type":"ImageObject","inLanguage":"en-US","@id":"https:\/\/www.bioecoactual.com\/en\/2026\/08\/31\/eko-september-organic-breakfast\/#primaryimage","url":"https:\/\/www.bioecoactual.com\/wp-content\/uploads\/2026\/08\/Eko-september.jpg","contentUrl":"https:\/\/www.bioecoactual.com\/wp-content\/uploads\/2026\/08\/Eko-september.jpg","width":1200,"height":675,"caption":"Photograph provided by Organic Sweden. Elias Kvarnb\u00e4ck, Organic Sweden, together with Arlene Holm at ICA Malmborgs"},{"@type":"BreadcrumbList","@id":"https:\/\/www.bioecoactual.com\/en\/2026\/08\/31\/eko-september-organic-breakfast\/#breadcrumb","itemListElement":[{"@type":"ListItem","position":1,"name":"Portada","item":"https:\/\/www.bioecoactual.com\/en\/"},{"@type":"ListItem","position":2,"name":"Eko-september: eight companies come together for an organic breakfast"}]},{"@type":"WebSite","@id":"https:\/\/www.bioecoactual.com\/#website","url":"https:\/\/www.bioecoactual.com\/","name":"Bio Eco Actual","description":"Alimentaci\u00f3n Ecol\u00f3gica","publisher":{"@id":"https:\/\/www.bioecoactual.com\/#organization"},"potentialAction":[{"@type":"SearchAction","target":{"@type":"EntryPoint","urlTemplate":"https:\/\/www.bioecoactual.com\/?s={search_term_string}"},"query-input":{"@type":"PropertyValueSpecification","valueRequired":true,"valueName":"search_term_string"}}],"inLanguage":"en-US"},{"@type":"Organization","@id":"https:\/\/www.bioecoactual.com\/#organization","name":"Bio Eco Actual","url":"https:\/\/www.bioecoactual.com\/","logo":{"@type":"ImageObject","inLanguage":"en-US","@id":"https:\/\/www.bioecoactual.com\/#\/schema\/logo\/image\/","url":"https:\/\/www.bioecoactual.com\/wp-content\/uploads\/2022\/01\/BIOECO_CUADRADO_LOGO.png","contentUrl":"https:\/\/www.bioecoactual.com\/wp-content\/uploads\/2022\/01\/BIOECO_CUADRADO_LOGO.png","width":8192,"height":8192,"caption":"Bio Eco Actual"},"image":{"@id":"https:\/\/www.bioecoactual.com\/#\/schema\/logo\/image\/"},"sameAs":["https:\/\/www.facebook.com\/BioEcoActual\/","https:\/\/x.com\/bioecoactual","https:\/\/www.linkedin.com\/in\/bioecoactual\/"]},{"@type":"Person","@id":"https:\/\/www.bioecoactual.com\/#\/schema\/person\/1917425621d12045530837796be26ce4","name":"Julia","image":{"@type":"ImageObject","inLanguage":"en-US","@id":"https:\/\/secure.gravatar.com\/avatar\/0ae7f1d9b7841d6bac72ee70f9533f6d815d98ebf40ef3a321812da63d66427d?s=96&d=mm&r=g","url":"https:\/\/secure.gravatar.com\/avatar\/0ae7f1d9b7841d6bac72ee70f9533f6d815d98ebf40ef3a321812da63d66427d?s=96&d=mm&r=g","contentUrl":"https:\/\/secure.gravatar.com\/avatar\/0ae7f1d9b7841d6bac72ee70f9533f6d815d98ebf40ef3a321812da63d66427d?s=96&d=mm&r=g","caption":"Julia"},"url":"https:\/\/www.bioecoactual.com\/en\/author\/julia\/"}]}},"_links":{"self":[{"href":"https:\/\/www.bioecoactual.com\/en\/wp-json\/wp\/v2\/posts\/128398","targetHints":{"allow":["GET"]}}],"collection":[{"href":"https:\/\/www.bioecoactual.com\/en\/wp-json\/wp\/v2\/posts"}],"about":[{"href":"https:\/\/www.bioecoactual.com\/en\/wp-json\/wp\/v2\/types\/post"}],"author":[{"embeddable":true,"href":"https:\/\/www.bioecoactual.com\/en\/wp-json\/wp\/v2\/users\/592"}],"replies":[{"embeddable":true,"href":"https:\/\/www.bioecoactual.com\/en\/wp-json\/wp\/v2\/comments?post=128398"}],"version-history":[{"count":2,"href":"https:\/\/www.bioecoactual.com\/en\/wp-json\/wp\/v2\/posts\/128398\/revisions"}],"predecessor-version":[{"id":128404,"href":"https:\/\/www.bioecoactual.com\/en\/wp-json\/wp\/v2\/posts\/128398\/revisions\/128404"}],"wp:featuredmedia":[{"embeddable":true,"href":"https:\/\/www.bioecoactual.com\/en\/wp-json\/wp\/v2\/media\/128399"}],"wp:attachment":[{"href":"https:\/\/www.bioecoactual.com\/en\/wp-json\/wp\/v2\/media?parent=128398"}],"wp:term":[{"taxonomy":"category","embeddable":true,"href":"https:\/\/www.bioecoactual.com\/en\/wp-json\/wp\/v2\/categories?post=128398"},{"taxonomy":"post_tag","embeddable":true,"href":"https:\/\/www.bioecoactual.com\/en\/wp-json\/wp\/v2\/tags?post=128398"}],"curies":[{"name":"wp","href":"https:\/\/api.w.org\/{rel}","templated":true}]}}